{"id":973,"date":"2023-03-05T10:25:56","date_gmt":"2023-03-05T09:25:56","guid":{"rendered":"http:\/\/lettres.ac-besancon.fr\/?p=973"},"modified":"2023-03-05T10:25:56","modified_gmt":"2023-03-05T09:25:56","slug":"nouveau-dossier-ecla-la-musique","status":"publish","type":"post","link":"http:\/\/lettres.ac-besancon.fr\/?p=973","title":{"rendered":"Nouveau dossier ECLA: La musique."},"content":{"rendered":"<p><a href=\"http:\/\/lettres.ac-besancon.fr\/wp-content\/uploads\/sites\/53\/2023\/03\/8695575451_265175ce17_n.jpg\"><img loading=\"lazy\" decoding=\"async\" class=\"alignleft  wp-image-974\" src=\"http:\/\/lettres.ac-besancon.fr\/wp-content\/uploads\/sites\/53\/2023\/03\/8695575451_265175ce17_n-300x200.jpg\" alt=\"\" width=\"230\" height=\"153\" srcset=\"http:\/\/lettres.ac-besancon.fr\/wp-content\/uploads\/sites\/53\/2023\/03\/8695575451_265175ce17_n-300x200.jpg 300w, http:\/\/lettres.ac-besancon.fr\/wp-content\/uploads\/sites\/53\/2023\/03\/8695575451_265175ce17_n.jpg 319w\" sizes=\"auto, (max-width: 230px) 100vw, 230px\" \/><\/a>Vous retrouverez dans cet article <a href=\"http:\/\/lettres.ac-besancon.fr\/wp-content\/uploads\/sites\/53\/2023\/03\/La-Musique-ECLA.pdf\">le dossier sur la musique dans l&rsquo;Antiquit\u00e9 <\/a>et son accompagnement p\u00e9dagogique, \u00e9labor\u00e9s par St\u00e9phanie Milonet pour le groupe ECLA <em>(Enseignement conjoint des langues anciennes).<\/em><!--more--><\/p>\n<p>&nbsp;<\/p>\n<p>&nbsp;<\/p>\n<p><a href=\"http:\/\/lettres.ac-besancon.fr\/wp-content\/uploads\/sites\/53\/2023\/03\/brightness.png\"><img loading=\"lazy\" decoding=\"async\" class=\"alignleft size-full wp-image-976\" src=\"http:\/\/lettres.ac-besancon.fr\/wp-content\/uploads\/sites\/53\/2023\/03\/brightness.png\" alt=\"\" width=\"64\" height=\"64\"><\/a>N&rsquo;oubliez pas que <a href=\"http:\/\/lettres.ac-besancon.fr\/?p=467\">toutes les ressources \u00e9labor\u00e9es par le groupe ECLA de l&rsquo;acad\u00e9mie de Besan\u00e7on sont disponibles ici<\/a>, et dans l&rsquo;onglet LCA de notre site.<\/p>\n<p>&nbsp;<\/p>\n<a href=\"http:\/\/lettres.ac-besancon.fr\/wp-content\/uploads\/sites\/53\/2023\/03\/La-Musique-ECLA.pdf\" class=\"pdfemb-viewer\" style=\"\" data-width=\"max\" data-height=\"max\" data-toolbar=\"bottom\" data-toolbar-fixed=\"off\">La Musique ECLA<\/a>\n<p>&nbsp;<\/p>\n<p>&nbsp;<\/p>\n<p>&nbsp;<\/p>\n","protected":false},"excerpt":{"rendered":"<p>Vous retrouverez dans cet article le dossier sur la musique dans l&rsquo;Antiquit\u00e9 et son accompagnement p\u00e9dagogique, \u00e9labor\u00e9s par St\u00e9phanie Milonet pour le groupe ECLA (Enseignement conjoint des langues anciennes).<\/p><p><a class=\"more-link btn\" href=\"http:\/\/lettres.ac-besancon.fr\/?p=973\">Lire la suite<\/a><\/p>\n","protected":false},"author":187,"featured_media":0,"comment_status":"closed","ping_status":"closed","sticky":false,"template":"","format":"standard","meta":{"footnotes":""},"categories":[82,7],"tags":[205,187,190,189,191,155],"class_list":["post-973","post","type-post","status-publish","format-standard","hentry","category-ecla-enseignement-conjoint-latin-grec","category-langues-et-cultures-de-lantiquite","tag-culture","tag-ecla","tag-grec","tag-latin","tag-lca","tag-ressources","item-wrap"],"_links":{"self":[{"href":"http:\/\/lettres.ac-besancon.fr\/index.php?rest_route=\/wp\/v2\/posts\/973","targetHints":{"allow":["GET"]}}],"collection":[{"href":"http:\/\/lettres.ac-besancon.fr\/index.php?rest_route=\/wp\/v2\/posts"}],"about":[{"href":"http:\/\/lettres.ac-besancon.fr\/index.php?rest_route=\/wp\/v2\/types\/post"}],"author":[{"embeddable":true,"href":"http:\/\/lettres.ac-besancon.fr\/index.php?rest_route=\/wp\/v2\/users\/187"}],"replies":[{"embeddable":true,"href":"http:\/\/lettres.ac-besancon.fr\/index.php?rest_route=%2Fwp%2Fv2%2Fcomments&post=973"}],"version-history":[{"count":11,"href":"http:\/\/lettres.ac-besancon.fr\/index.php?rest_route=\/wp\/v2\/posts\/973\/revisions"}],"predecessor-version":[{"id":986,"href":"http:\/\/lettres.ac-besancon.fr\/index.php?rest_route=\/wp\/v2\/posts\/973\/revisions\/986"}],"wp:attachment":[{"href":"http:\/\/lettres.ac-besancon.fr\/index.php?rest_route=%2Fwp%2Fv2%2Fmedia&parent=973"}],"wp:term":[{"taxonomy":"category","embeddable":true,"href":"http:\/\/lettres.ac-besancon.fr\/index.php?rest_route=%2Fwp%2Fv2%2Fcategories&post=973"},{"taxonomy":"post_tag","embeddable":true,"href":"http:\/\/lettres.ac-besancon.fr\/index.php?rest_route=%2Fwp%2Fv2%2Ftags&post=973"}],"curies":[{"name":"wp","href":"https:\/\/api.w.org\/{rel}","templated":true}]}}