{"id":913,"date":"2022-11-16T18:09:19","date_gmt":"2022-11-16T17:09:19","guid":{"rendered":"http:\/\/lettres.ac-besancon.fr\/?p=913"},"modified":"2022-11-16T18:10:03","modified_gmt":"2022-11-16T17:10:03","slug":"journee-detude-sur-le-numerique-educatif-26-11-22","status":"publish","type":"post","link":"http:\/\/lettres.ac-besancon.fr\/?p=913","title":{"rendered":"Journ\u00e9e d&rsquo;\u00e9tude sur le num\u00e9rique \u00e9ducatif (26\/11\/22)"},"content":{"rendered":"<p><a href=\"http:\/\/lettres.ac-besancon.fr\/wp-content\/uploads\/sites\/53\/2022\/11\/social-media-gbc0e575a1_640.png\"><img loading=\"lazy\" decoding=\"async\" class=\"alignleft wp-image-917\" src=\"http:\/\/lettres.ac-besancon.fr\/wp-content\/uploads\/sites\/53\/2022\/11\/social-media-gbc0e575a1_640-300x200.png\" alt=\"\" width=\"295\" height=\"196\" srcset=\"http:\/\/lettres.ac-besancon.fr\/wp-content\/uploads\/sites\/53\/2022\/11\/social-media-gbc0e575a1_640-300x200.png 300w, http:\/\/lettres.ac-besancon.fr\/wp-content\/uploads\/sites\/53\/2022\/11\/social-media-gbc0e575a1_640.png 640w\" sizes=\"auto, (max-width: 295px) 100vw, 295px\" \/><\/a><\/p>\n<p>Le samedi 26 novembre prochain est organis\u00e9e une <strong>journ\u00e9e d&rsquo;\u00e9tude sur le num\u00e9rique \u00e9ducatif<\/strong>, \u00e0 et par la <strong>MSHE<\/strong> (Maison des Sciences de l&rsquo;Homme et de l&rsquo;Environnement) \u00e0 Besan\u00e7on. Elle vise \u00e0 r\u00e9unir des <strong>chercheurs<\/strong>, des <strong>enseignants<\/strong>, des <strong>cadres<\/strong> de l\u2019Education nationale et des <strong>\u00e9tudiants<\/strong> pour discuter des enjeux du num\u00e9rique \u00e9ducatif.<!--more--><\/p>\n<p>&nbsp;<\/p>\n<p>La journ\u00e9e s\u2019ouvrira avec une conf\u00e9rence de <strong>Gr\u00e9goire BORST<\/strong> (Pr. Universit\u00e9 Paris Cit\u00e9), intitul\u00e9e <em>\u201cDu labo \u00e0 la classe et de la classe au labo : le num\u00e9rique au service de la recherche participative et collaborative\u201d<\/em>.<br \/>\nSuivront des pr\u00e9sentations lors desquelles seront discut\u00e9s des re\u0301sultats d\u2019expe\u0301rimentations visant \u00e0 \u00e9valuer l\u2019impact du nume\u0301rique sur les apprentissages fondamentaux et la formation des enseignants.<\/p>\n<p>Le d\u00e9jeuner sera offert \u00e0 tous les participants, sous r\u00e9serve d&rsquo;inscription pr\u00e9alable.<\/p>\n<p><strong>Le programme et les modalit\u00e9s d&rsquo;inscription sont \u00e0 retrouver dans ce flyer:<\/strong><\/p>\n<a href=\"http:\/\/lettres.ac-besancon.fr\/wp-content\/uploads\/sites\/53\/2022\/11\/Flyer-journee-detude-NEXT.pdf\" class=\"pdfemb-viewer\" style=\"\" data-width=\"max\" data-height=\"max\" data-toolbar=\"bottom\" data-toolbar-fixed=\"off\">Flyer journ\u00e9e d&#039;\u00e9tude NEXT<\/a>\n<p>&nbsp;<\/p>\n<p><span style=\"text-decoration: underline\"><strong><a href=\"http:\/\/lettres.ac-besancon.fr\/wp-content\/uploads\/sites\/53\/2022\/11\/profle.png\"><img loading=\"lazy\" decoding=\"async\" class=\"alignleft size-full wp-image-915\" src=\"http:\/\/lettres.ac-besancon.fr\/wp-content\/uploads\/sites\/53\/2022\/11\/profle.png\" alt=\"\" width=\"64\" height=\"64\"><\/a>Responsable de cette journ\u00e9e :<\/strong><\/span><br \/>\nLaurence Picard<br \/>\nMa\u00eetre de Conf\u00e9rences en Neuropsychologie<br \/>\nResponsable du Master 1 de Psychologie<br \/>\nUniversit\u00e9 de Franche-Comt\u00e9 &#8211; UFR SLHS<br \/>\n30-32 rue M\u00e9gevand &#8211; 25030 Besan\u00e7on Cedex<br \/>\nTel.: 03 81 66 54 36<\/p>\n","protected":false},"excerpt":{"rendered":"<p>Le samedi 26 novembre prochain est organis\u00e9e une journ\u00e9e d&rsquo;\u00e9tude sur le num\u00e9rique \u00e9ducatif, \u00e0 et par la MSHE (Maison des Sciences de l&rsquo;Homme et de l&rsquo;Environnement) \u00e0 Besan\u00e7on. Elle vise \u00e0 r\u00e9unir des chercheurs, des enseignants, des cadres de l\u2019Education nationale et des \u00e9tudiants pour discuter des enjeux du num\u00e9rique \u00e9ducatif.<\/p><p><a class=\"more-link btn\" href=\"http:\/\/lettres.ac-besancon.fr\/?p=913\">Lire la suite<\/a><\/p>\n","protected":false},"author":187,"featured_media":0,"comment_status":"closed","ping_status":"closed","sticky":false,"template":"","format":"standard","meta":{"footnotes":""},"categories":[106,101],"tags":[216,83,184,194,209,196],"class_list":["post-913","post","type-post","status-publish","format-standard","hentry","category-praf","category-inspection","tag-conference","tag-formation","tag-numerique","tag-recherche","tag-sciences-cognitives","tag-sciences-de-leducation","item-wrap"],"_links":{"self":[{"href":"http:\/\/lettres.ac-besancon.fr\/index.php?rest_route=\/wp\/v2\/posts\/913","targetHints":{"allow":["GET"]}}],"collection":[{"href":"http:\/\/lettres.ac-besancon.fr\/index.php?rest_route=\/wp\/v2\/posts"}],"about":[{"href":"http:\/\/lettres.ac-besancon.fr\/index.php?rest_route=\/wp\/v2\/types\/post"}],"author":[{"embeddable":true,"href":"http:\/\/lettres.ac-besancon.fr\/index.php?rest_route=\/wp\/v2\/users\/187"}],"replies":[{"embeddable":true,"href":"http:\/\/lettres.ac-besancon.fr\/index.php?rest_route=%2Fwp%2Fv2%2Fcomments&post=913"}],"version-history":[{"count":8,"href":"http:\/\/lettres.ac-besancon.fr\/index.php?rest_route=\/wp\/v2\/posts\/913\/revisions"}],"predecessor-version":[{"id":924,"href":"http:\/\/lettres.ac-besancon.fr\/index.php?rest_route=\/wp\/v2\/posts\/913\/revisions\/924"}],"wp:attachment":[{"href":"http:\/\/lettres.ac-besancon.fr\/index.php?rest_route=%2Fwp%2Fv2%2Fmedia&parent=913"}],"wp:term":[{"taxonomy":"category","embeddable":true,"href":"http:\/\/lettres.ac-besancon.fr\/index.php?rest_route=%2Fwp%2Fv2%2Fcategories&post=913"},{"taxonomy":"post_tag","embeddable":true,"href":"http:\/\/lettres.ac-besancon.fr\/index.php?rest_route=%2Fwp%2Fv2%2Ftags&post=913"}],"curies":[{"name":"wp","href":"https:\/\/api.w.org\/{rel}","templated":true}]}}