{"id":902,"date":"2022-11-12T14:00:42","date_gmt":"2022-11-12T13:00:42","guid":{"rendered":"http:\/\/lettres.ac-besancon.fr\/?p=902"},"modified":"2022-11-16T18:01:39","modified_gmt":"2022-11-16T17:01:39","slug":"journee-de-formation-hlp-autour-de-la-question-de-levaluation-20-10-22","status":"publish","type":"post","link":"http:\/\/lettres.ac-besancon.fr\/?p=902","title":{"rendered":"Journ\u00e9e de formation HLP autour de la question de l\u2019\u00e9valuation (20\/10\/22)"},"content":{"rendered":"<p><a href=\"http:\/\/lettres.ac-besancon.fr\/wp-content\/uploads\/sites\/53\/2022\/11\/audit-g892739bce_640.jpg\"><img loading=\"lazy\" decoding=\"async\" class=\"alignleft wp-image-903\" src=\"http:\/\/lettres.ac-besancon.fr\/wp-content\/uploads\/sites\/53\/2022\/11\/audit-g892739bce_640-300x193.jpg\" alt=\"\" width=\"334\" height=\"215\" srcset=\"http:\/\/lettres.ac-besancon.fr\/wp-content\/uploads\/sites\/53\/2022\/11\/audit-g892739bce_640-300x193.jpg 300w, http:\/\/lettres.ac-besancon.fr\/wp-content\/uploads\/sites\/53\/2022\/11\/audit-g892739bce_640.jpg 640w\" sizes=\"auto, (max-width: 334px) 100vw, 334px\" \/><\/a><\/p>\n<p>Le 20 octobre dernier se sont r\u00e9unis des IA-IPR ainsi que des enseignants de Lettres et de Philosophie de l&rsquo;acad\u00e9mie de Besan\u00e7on pour se former autour de <strong>la question de l&rsquo;\u00e9valuation en HLP<\/strong>. Retrouvez ici les nombreuses ressources de cette journ\u00e9e de travail.<\/p>\n<p><!--more--><\/p>\n<div id=\"cjg9\" class=\"Ry26q\">\n<div class=\"_3K7uv\">\n<div id=\"Containercjg9\" class=\"_1KV2M\">\n<div class=\"\" data-mesh-id=\"Containercjg9inlineContent\" data-testid=\"inline-content\">\n<div data-mesh-id=\"Containercjg9inlineContent-gridContainer\" data-testid=\"mesh-container-content\">\n<div id=\"comp-kdd465jw\" class=\"_1Q9if\" data-testid=\"richTextElement\">\n<p>&nbsp;<\/p>\n<p><span style=\"text-decoration: underline\">Les acteurs de cette journ\u00e9e de travail:<\/span><\/p>\n<ul>\n<li><em>Madame Floriane <strong>Tanguy,<\/strong>&nbsp;IA-IPR de philosophie de l\u2019acad\u00e9mie de Besan\u00e7on et Dijon<\/em><\/li>\n<li><em>Monsieur Jean-Luc&nbsp;<strong>Bertolin<\/strong>, IA-IPR de Lettres de l\u2019acad\u00e9mie de Besan\u00e7on<\/em><\/li>\n<li><em>Madame Sophie&nbsp;<strong>Gras<\/strong>, professeure de Lettres de l\u2019acad\u00e9mie de Besan\u00e7on<\/em><\/li>\n<li><em>Madame&nbsp;<strong>Aude Besson<\/strong>, professeure de Lettres de l\u2019acad\u00e9mie de Besan\u00e7on<\/em><\/li>\n<li><em>Madame&nbsp;<strong>Christ\u00e8le Belot-Bernard<\/strong>, professeure de Lettres de l\u2019acad\u00e9mie de Besan\u00e7on<\/em><\/li>\n<li><em>Madame&nbsp;<strong>Alicia Foucher<\/strong>, professeure de Lettres de l\u2019acad\u00e9mie de Besan\u00e7on<\/em><\/li>\n<li><em>Madame Armelle&nbsp;<strong>Chupeau,&nbsp;<\/strong>professeure de philosophie de l\u2019acad\u00e9mie de Besan\u00e7on<\/em><\/li>\n<li><em>Monsieur C\u00e9dric&nbsp;<strong>Mouri\u00e8s,<\/strong>&nbsp;professeur de philosophie de l\u2019acad\u00e9mie de Besan\u00e7on<\/em><\/li>\n<li><em>Monsieur Marc&nbsp;<strong>Foglia,<\/strong>&nbsp;professeur de Philosophie de l\u2019acad\u00e9mie de Besan\u00e7on<\/em><\/li>\n<li><em>Monsieur Michel&nbsp;<strong>Murarotto<\/strong>, professeur de Philosophie de l\u2019acad\u00e9mie de Besan\u00e7on<\/em><\/li>\n<\/ul>\n<\/div>\n<\/div>\n<\/div>\n<p>&nbsp;<\/p>\n<h4><span style=\"text-decoration: underline;color: #ff6600\">Programme de la journ\u00e9e de formation acad\u00e9mique :<\/span><\/h4>\n<p><strong><u>Matin\u00e9e :<br \/>\n<\/u><\/strong><br \/>\n<strong><u>9h\/9h30<\/u><\/strong> : Introduction et probl\u00e9matisation.&nbsp;L\u2019\u00e9valuation en question : d\u00e9marche empirique, synth\u00e8se \u00e0 partir du questionnaire envoy\u00e9 aux coll\u00e8gues.&nbsp;Par C\u00e9dric Mouri\u00e8s.<br \/>\n<a href=\"http:\/\/lettres.ac-besancon.fr\/wp-content\/uploads\/sites\/53\/2019\/11\/arrow-down.png\"><img loading=\"lazy\" decoding=\"async\" class=\"alignleft  wp-image-246\" src=\"http:\/\/lettres.ac-besancon.fr\/wp-content\/uploads\/sites\/53\/2019\/11\/arrow-down.png\" alt=\"\" width=\"36\" height=\"36\"><\/a><span style=\"text-decoration: underline\"><strong><span style=\"color: #339966;text-decoration: underline\">Ressource \u00e0 t\u00e9l\u00e9charger<\/span><\/strong><\/span>:<br \/>\n<a href=\"http:\/\/philosophie.ac-besancon.fr\/wp-content\/uploads\/sites\/36\/2022\/11\/La-question-de-lessai-et-de-son-evaluation.pdf\">La question de l\u2019essai et de son \u00e9valuation<\/a>&nbsp;; synth\u00e8ses des pratiques et probl\u00e8mes rencontr\u00e9s par les enseignants<\/p>\n<p><strong><u>9h30\/10H30<\/u><\/strong>&nbsp;: intervention de Marc Foglia sur&nbsp;L\u2019essai aux Olympiades internationales de philosophie.<\/p>\n<p><a href=\"http:\/\/lettres.ac-besancon.fr\/wp-content\/uploads\/sites\/53\/2019\/11\/arrow-down.png\"><img loading=\"lazy\" decoding=\"async\" class=\"alignleft  wp-image-246\" src=\"http:\/\/lettres.ac-besancon.fr\/wp-content\/uploads\/sites\/53\/2019\/11\/arrow-down.png\" alt=\"\" width=\"36\" height=\"36\"><\/a><span style=\"text-decoration: underline\"><strong><span style=\"color: #339966;text-decoration: underline\">Ressource \u00e0 t\u00e9l\u00e9charger<\/span><\/strong><\/span>: &nbsp;: La pratique de <a href=\"http:\/\/philosophie.ac-besancon.fr\/wp-content\/uploads\/sites\/36\/2022\/10\/lessai-dans-le-cadre-des-Olympiades-de-philosophie.pdf\">l\u2019essai dans le cadre des Olympiades internationales de philosophie&nbsp;<\/a>&nbsp;(IPO)<\/p>\n<p><strong><u>10h45\/12h<\/u><\/strong>&nbsp;: intervention de Sophie Gras<\/p>\n<p><a href=\"http:\/\/lettres.ac-besancon.fr\/wp-content\/uploads\/sites\/53\/2019\/11\/arrow-down.png\"><img loading=\"lazy\" decoding=\"async\" class=\"alignleft  wp-image-246\" src=\"http:\/\/lettres.ac-besancon.fr\/wp-content\/uploads\/sites\/53\/2019\/11\/arrow-down.png\" alt=\"\" width=\"36\" height=\"36\"><\/a><span style=\"text-decoration: underline\"><strong><span style=\"color: #339966;text-decoration: underline\">Ressource \u00e0 t\u00e9l\u00e9charger<\/span><\/strong><\/span>: les deux <a href=\"http:\/\/philosophie.ac-besancon.fr\/wp-content\/uploads\/sites\/36\/2022\/10\/textes-pour-la-formation-du-20.pdf\">textes \u00e0 t\u00e9l\u00e9charger<\/a><\/p>\n<ul>\n<li><strong>Texte 1&nbsp;:&nbsp;<\/strong>Joseph Bonenfant&nbsp;: \u00ab&nbsp;<em>La pens\u00e9e inachev\u00e9e de l\u2019essai&nbsp;\u00bb<\/em>(<em>Etudes litt\u00e9raires,<\/em>&nbsp;avril 1972) et<\/li>\n<li><strong>Texte 2 :&nbsp;<\/strong>Jean Starobinski, \u00ab Peut-on d\u00e9finir l\u2019essai ? \u00bb&nbsp;(<em>Cahiers pour un temps N\u00b07,<\/em>&nbsp;mars 1985)<\/li>\n<\/ul>\n<p>et&nbsp;<strong>une proposition de pr\u00e9sentation de l\u2019essai&nbsp;<\/strong>se fondant sur les textes pr\u00e9c\u00e9dents.&nbsp;&nbsp; &nbsp;\u201c<em>L\u2019essai d\u00e9route le professeur de HLP pour deux raisons, qui sont en m\u00eame temps constitutives de sa sp\u00e9cificit\u00e9 : sa bri\u00e8vet\u00e9 \u00ab plus bref que la dissertation \u00bb et sa libert\u00e9 de forme \u00ab le propos progresse librement mais avec ordre, selon les contraintes logiques identifi\u00e9es par son auteur \u00bb explique le texte officiel de novembre 2019..<\/em>.\u201d&nbsp;<a href=\"http:\/\/philosophie.ac-besancon.fr\/wp-content\/uploads\/sites\/36\/2022\/11\/Une-proposition-de-presentation-de-l.pdf\">lire la suite des travaux)<\/a>.<\/p>\n<p><strong><u>Apr\u00e8s-midi : 13h30-16h30<\/u><\/strong><\/p>\n<p><strong>Atelier 1<\/strong> :&nbsp;Par madame&nbsp;<strong>Aude Besson<\/strong>, et Monsieur C\u00e9dric&nbsp;<strong>Mouri\u00e8s&nbsp;<\/strong>:&nbsp;l\u2019\u00e9valuation de l\u2019essai&nbsp;(\u00e0 partir de copies r\u00e9elles de l\u2019\u00e9preuve ponctuelle de terminale ou copies annuelles d\u2019\u00e9l\u00e8ves).<\/p>\n<div>L\u2019atelier 1&nbsp; prenait la forme d\u2019une r\u00e9union d\u2019entente et a travaill\u00e9 \u00e0 partir d\u2019un dossier comprenant :<\/div>\n<div>\u2013 une&nbsp;<a href=\"http:\/\/philosophie.ac-besancon.fr\/wp-content\/uploads\/sites\/36\/2022\/11\/echelle-devaluation-pour-guider-la-notation-des-copies-HLP.pdf\">\u00e9chelle d\u2019\u00e9valuation pour guider la notation des copies HLP<\/a>&nbsp;fournie par l\u2019Inspection<\/div>\n<div>\u2013 une s\u00e9lection de copies (non fournies ici)<\/div>\n<div>\u2013 un&nbsp;<a href=\"http:\/\/philosophie.ac-besancon.fr\/wp-content\/uploads\/sites\/36\/2022\/11\/Tableaux-pour-rapport-devaluation-des-copies.pdf\">tableaux pour le rapport d\u2019\u00e9valuation des copies&nbsp;<\/a><\/div>\n<p>\u2013 synth\u00e8se des&nbsp;<a href=\"http:\/\/philosophie.ac-besancon.fr\/wp-content\/uploads\/sites\/36\/2022\/11\/Tableaux-remplis.pdf\">travaux de professeurs<\/a>&nbsp;en utilisant le tableau ci-dessus.<\/p>\n<p><strong>Atelier 2<\/strong> :&nbsp;Par madame&nbsp;<strong>Christ\u00e8le Belot-Bernard<\/strong>, madame&nbsp;<strong>Alicia Foucher<\/strong>, madame<strong> Armelle Chupeau: <\/strong>Quelle progressivit\u00e9 des apprentissages sur les deux ann\u00e9es du cycle terminal, attendus, exigences et crit\u00e8res d\u2019\u00e9valuation qui \u00e9voluent au cours du cycle ?&nbsp;(de la r\u00e9flexion \u00e0 l\u2019essai).<\/p>\n<div><strong><a href=\"http:\/\/lettres.ac-besancon.fr\/wp-content\/uploads\/sites\/53\/2019\/11\/arrow-down.png\"><img loading=\"lazy\" decoding=\"async\" class=\"alignleft  wp-image-246\" src=\"http:\/\/lettres.ac-besancon.fr\/wp-content\/uploads\/sites\/53\/2019\/11\/arrow-down.png\" alt=\"\" width=\"36\" height=\"36\"><\/a><span style=\"text-decoration: underline\"><span style=\"color: #339966;text-decoration: underline\">Ressource \u00e0 t\u00e9l\u00e9charger<\/span><\/span>: <\/strong><\/div>\n<div><strong>Documents constituant le socle de la r\u00e9flexion au sein de l\u2019atelier 2<\/strong>&nbsp;:&nbsp;<\/div>\n<div>\u2013&nbsp;<a href=\"http:\/\/philosophie.ac-besancon.fr\/wp-content\/uploads\/sites\/36\/2022\/11\/formation-HLP-copie.pdf\">Pr\u00e9sentation et probl\u00e9matisation<\/a>,<\/div>\n<div>\u2013 Le dossier synth\u00e9tique&nbsp;<a href=\"http:\/\/philosophie.ac-besancon.fr\/wp-content\/uploads\/sites\/36\/2022\/11\/Support-Atelier-2-La-continuite-evaluation-et-themat_ique.pdf\">comparatif des \u00e9valuations<\/a>,<\/div>\n<div>\u2013 Une br\u00e8ve&nbsp;<a href=\"http:\/\/philosophie.ac-besancon.fr\/wp-content\/uploads\/sites\/36\/2022\/11\/telier_2_C2ABC2A0La_progressiviteCC81_des_app__rentissages-sur-les-deux-annees-du-cycle-terminal.pdf\">synth\u00e8se des remarques des coll\u00e8gues<\/a>.<\/div>\n<\/div>\n<\/div>\n<\/div>\n<div>&nbsp;<\/div>\n<div id=\"cjg9\" class=\"Ry26q\">\n<div class=\"_3K7uv\">\n<div id=\"Containercjg9\" class=\"_1KV2M\">\n<p><span class=\"fontstyle0\"><a href=\"http:\/\/philosophie.ac-besancon.fr\/wp-content\/uploads\/sites\/36\/2022\/11\/Dossier-Le-nouveau-monde.pdf\"><strong><\/strong><\/a><strong><a href=\"http:\/\/lettres.ac-besancon.fr\/wp-content\/uploads\/sites\/53\/2019\/11\/arrow-down.png\"><img loading=\"lazy\" decoding=\"async\" class=\"alignleft  wp-image-246\" src=\"http:\/\/lettres.ac-besancon.fr\/wp-content\/uploads\/sites\/53\/2019\/11\/arrow-down.png\" alt=\"\" width=\"36\" height=\"36\"><\/a><span style=\"text-decoration: underline\"><span style=\"color: #339966;text-decoration: underline\">Ressource \u00e0 t\u00e9l\u00e9charger<\/span><\/span>: <\/strong><\/span><\/p>\n<p><span class=\"fontstyle0\"><a href=\"http:\/\/philosophie.ac-besancon.fr\/wp-content\/uploads\/sites\/36\/2022\/11\/Dossier-Le-nouveau-monde.pdf\"><strong>Dossier sur une t\u00e2che finale<\/strong>&nbsp;sur Le nouveau monde<\/a> :<br \/>\nL\u2019exp\u00e9rience de l\u2019autre, entre t\u00e9moignages et fiction. Le mythe de Pocahontas en premi\u00e8re HLP.<\/span><\/p>\n<p><strong>Atelier3 :<\/strong>&nbsp;Par madame&nbsp;<strong>Sophie Gras<\/strong>&nbsp;:&nbsp;Le&nbsp;Grand Oral et la question de la mobilisation et de l\u2019exploitation des r\u00e9f\u00e9rences litt\u00e9raires et philosophiques<strong>.<\/strong><\/p>\n<p><strong><a href=\"http:\/\/lettres.ac-besancon.fr\/wp-content\/uploads\/sites\/53\/2019\/11\/arrow-down.png\"><img loading=\"lazy\" decoding=\"async\" class=\"alignleft  wp-image-246\" src=\"http:\/\/lettres.ac-besancon.fr\/wp-content\/uploads\/sites\/53\/2019\/11\/arrow-down.png\" alt=\"\" width=\"36\" height=\"36\"><\/a><span style=\"text-decoration: underline\"><span style=\"color: #339966;text-decoration: underline\">Ressource \u00e0 t\u00e9l\u00e9charger<\/span><\/span>: <\/strong><\/p>\n<p>Atelier de l\u2019oral : En&nbsp;<a href=\"http:\/\/philosophie.ac-besancon.fr\/wp-content\/uploads\/sites\/36\/2022\/11\/Atelier-de-Sophie-l.pdf\">t\u00e9l\u00e9chargement ici.<\/a><\/p>\n<ul>\n<li>Quelles r\u00e9f\u00e9rences litt\u00e9raires et philosophiques sont l\u00e9gitimes pour le Grand Oral&nbsp;?<\/li>\n<li>Proposition d\u2019\u00e9nonciation des attendus au grand oral de HLP de l\u2019atelier<\/li>\n<\/ul>\n<p>Par <strong>Michel Murarotto<\/strong>&nbsp;:&nbsp;La&nbsp;pr\u00e9paration de la troisi\u00e8me partie de l\u2019\u00e9preuve de Grand Oral.<\/p>\n<ol>\n<li>Pr\u00e9sentation de la&nbsp;<a href=\"http:\/\/philosophie.ac-besancon.fr\/wp-content\/uploads\/sites\/36\/2022\/10\/ORALITE-activite-4-a-Fiche-onisep-eleve-redaction-projet-formation-motive_1058537-1.pdf\">fiche Onisep<\/a>&nbsp;pr\u00e9alable \u00e0 la r\u00e9alisation de la s\u00e9quence.<\/li>\n<li><strong><a href=\"http:\/\/philosophie.ac-besancon.fr\/wp-content\/uploads\/sites\/36\/2022\/10\/ORALITE-activite-4-c-Sequence-pour-la-partie-3-du-Grand-Oral-V4.pdf\">S\u00e9quence pour la partie 3 du Grand Oral&nbsp;<\/a>\u00ab Apprendre \u00e0 \u00e9crire et oraliser son projet d\u2019orientation en vue du Grand Oral \u00bb<\/strong><\/li>\n<li>A partir d\u2019un travail \u00e9crit effectu\u00e9 par l\u2019\u00e9l\u00e8ve en prenant mod\u00e8le sur&nbsp;<a href=\"http:\/\/philosophie.ac-besancon.fr\/wp-content\/uploads\/sites\/36\/2022\/10\/ORALITE-activite-4-b-Quatre-exemples-de-voeux-motives.pdf\">quatre exemples de voeux motiv\u00e9s<\/a>&nbsp;Parcoursup, on produira \u00e0 l\u2019\u00e9crit, puis \u00e0 l\u2019oral, les \u00e9l\u00e9ments n\u00e9cessaires \u00e0 la partie 3 du Grand Oral sur le&nbsp;<strong>projet d\u2019orientation<\/strong>&nbsp;(partie de l\u2019\u00e9preuve qui dure 5 minutes en interaction avec le Jury).<\/li>\n<li>Des plans produits par&nbsp;<strong>Cyril Delay;&nbsp;<\/strong><strong><em>Je r\u00e9ussis mon grand Oral;<\/em>&nbsp;Paris, Hachette Education, 2022<\/strong>&nbsp;pour sc\u00e9nariser son oral sont&nbsp;<a href=\"http:\/\/philosophie.ac-besancon.fr\/wp-content\/uploads\/sites\/36\/2022\/10\/GO-et-plans-divers.zip\">disponibles ici<\/a>.<\/li>\n<li>Les liens sont aussi&nbsp;<a href=\"http:\/\/philosophie.ac-besancon.fr\/wp-content\/uploads\/sites\/36\/2022\/10\/ORALITE-activite-4-d-Liens.pdf\">t\u00e9l\u00e9chargeables ici.<\/a><\/li>\n<li>Finalement, un&nbsp;&nbsp;<a href=\"http:\/\/philosophie.ac-besancon.fr\/wp-content\/uploads\/sites\/36\/2022\/10\/Resume-de-matrice-pour-la-partie-3-du-Grand-Oral.pdf\">R\u00e9sum\u00e9 de la matrice pour la partie 3 du Grand Oral est \u00e0 votre disposition<\/a><\/li>\n<\/ol>\n<p>Par <strong>Michel Murarotto<\/strong>&nbsp;:&nbsp;<strong>pr\u00e9sentations d\u2019exercices de \u201cPecha Kucha\u201d<\/strong>&nbsp;durant 5 minutes pour familiariser les \u00e9l\u00e8ves au temps de pr\u00e9sentation r\u00e8glementaire et s\u2019entra\u00eener \u00e0 l\u2019oral.<\/p>\n<\/div>\n<\/div>\n<ol>\n<li>&nbsp;Exemples de&nbsp;<strong>productions \u00e9crites<\/strong>&nbsp;du Pecha Kucha (exemples n\u00b0<a href=\"https:\/\/43290792-aa2c-4bd9-b82e-153054499d11.filesusr.com\/ugd\/a708a3_7bed9f32f023462ba255ecdf33bffca1.pdf\">1<\/a>, n\u00b0<a href=\"https:\/\/43290792-aa2c-4bd9-b82e-153054499d11.filesusr.com\/ugd\/a708a3_afb8b51ff5ec4021996e6fc66598e4e8.pdf\">2<\/a>, n\u00b0<a href=\"https:\/\/43290792-aa2c-4bd9-b82e-153054499d11.filesusr.com\/ugd\/a708a3_22d471a44d6740118e210f80cf37dbda.pdf\">3<\/a>, n\u00b0<a href=\"https:\/\/43290792-aa2c-4bd9-b82e-153054499d11.filesusr.com\/ugd\/a708a3_907a27afb62f4aa6ab812fde4cafab18.pdf\">4<\/a>, n\u00b0<a href=\"https:\/\/43290792-aa2c-4bd9-b82e-153054499d11.filesusr.com\/ugd\/a708a3_8800040e09494beb9bbe18ecbbfff001.pdf\">5<\/a>, n\u00b0<a href=\"https:\/\/43290792-aa2c-4bd9-b82e-153054499d11.filesusr.com\/ugd\/a708a3_e96b21f0266b4179b1014fcf12fa01ec.pdf\">6\u2026<\/a>). Voir tous les travaux des \u00e9l\u00e8ves :&nbsp;<a href=\"http:\/\/philosophie.ac-besancon.fr\/wp-content\/uploads\/sites\/36\/2022\/11\/pecha-kucha-2022.zip\">pecha kucha 2022 ici en t\u00e9l\u00e9chargement<\/a><\/li>\n<\/ol>\n<p>2.&nbsp; &nbsp;Exemples de&nbsp;<strong>capsules vid\u00e9o<\/strong>&nbsp;r\u00e9alis\u00e9es par les \u00e9l\u00e8ves \u00e0 t\u00e9l\u00e9charger<\/p>\n<ul>\n<li><a href=\"http:\/\/philosophie.ac-besancon.fr\/wp-content\/uploads\/sites\/36\/2022\/10\/Video-1.mov\">Vid\u00e9o n\u00b01<\/a><\/li>\n<li><a href=\"http:\/\/philosophie.ac-besancon.fr\/wp-content\/uploads\/sites\/36\/2022\/11\/Video-2.mp4\">Vid\u00e9o n\u00b02<\/a><\/li>\n<li><a href=\"http:\/\/philosophie.ac-besancon.fr\/wp-content\/uploads\/sites\/36\/2022\/11\/Video-3.mp4\">Vid\u00e9o n\u00b03<\/a><\/li>\n<li><a href=\"http:\/\/philosophie.ac-besancon.fr\/wp-content\/uploads\/sites\/36\/2022\/11\/Video-4.mp4\">Vid\u00e9o n\u00b04<\/a><\/li>\n<li><a href=\"http:\/\/philosophie.ac-besancon.fr\/wp-content\/uploads\/sites\/36\/2022\/11\/Video-5.mp4\">Vid\u00e9o n\u00b05<\/a><\/li>\n<li><a href=\"http:\/\/philosophie.ac-besancon.fr\/wp-content\/uploads\/sites\/36\/2022\/11\/Video-6.mp4\">Vid\u00e9o n\u00b06<\/a><\/li>\n<li><a href=\"http:\/\/philosophie.ac-besancon.fr\/wp-content\/uploads\/sites\/36\/2022\/11\/Video-7.mp4\">Vid\u00e9o n\u00b07<\/a><\/li>\n<\/ul>\n<\/div>\n<p>&nbsp;<\/p>\n<p><a href=\"http:\/\/lettres.ac-besancon.fr\/wp-content\/uploads\/sites\/53\/2020\/03\/computer.png\"><img loading=\"lazy\" decoding=\"async\" class=\"alignleft  wp-image-441\" src=\"http:\/\/lettres.ac-besancon.fr\/wp-content\/uploads\/sites\/53\/2020\/03\/computer.png\" alt=\"\" width=\"39\" height=\"39\"><\/a><a href=\"http:\/\/philosophie.ac-besancon.fr\/levaluation-en-question\/\">Acc\u00e9dez au site acad\u00e9mique de philosophie en cliquant ici.<\/a><\/p>\n","protected":false},"excerpt":{"rendered":"<p>Le 20 octobre dernier se sont r\u00e9unis des IA-IPR ainsi que des enseignants de Lettres et de Philosophie de l&rsquo;acad\u00e9mie de Besan\u00e7on pour se former autour de la question de l&rsquo;\u00e9valuation en HLP. Retrouvez ici les nombreuses ressources de cette journ\u00e9e de travail.<\/p><p><a class=\"more-link btn\" href=\"http:\/\/lettres.ac-besancon.fr\/?p=902\">Lire la suite<\/a><\/p>\n","protected":false},"author":187,"featured_media":0,"comment_status":"closed","ping_status":"closed","sticky":false,"template":"","format":"standard","meta":{"footnotes":""},"categories":[119,106,55,101,4],"tags":[214,215,83,159,84,22,97,155],"class_list":["post-902","post","type-post","status-publish","format-standard","hentry","category-evaluer-au-lycee","category-praf","category-humanites-litterature-et-philosophie","category-inspection","category-lycee","tag-evaluation","tag-evaluer","tag-formation","tag-groupe-de-travail","tag-hlp","tag-lycee","tag-philosophie","tag-ressources","item-wrap"],"_links":{"self":[{"href":"http:\/\/lettres.ac-besancon.fr\/index.php?rest_route=\/wp\/v2\/posts\/902","targetHints":{"allow":["GET"]}}],"collection":[{"href":"http:\/\/lettres.ac-besancon.fr\/index.php?rest_route=\/wp\/v2\/posts"}],"about":[{"href":"http:\/\/lettres.ac-besancon.fr\/index.php?rest_route=\/wp\/v2\/types\/post"}],"author":[{"embeddable":true,"href":"http:\/\/lettres.ac-besancon.fr\/index.php?rest_route=\/wp\/v2\/users\/187"}],"replies":[{"embeddable":true,"href":"http:\/\/lettres.ac-besancon.fr\/index.php?rest_route=%2Fwp%2Fv2%2Fcomments&post=902"}],"version-history":[{"count":8,"href":"http:\/\/lettres.ac-besancon.fr\/index.php?rest_route=\/wp\/v2\/posts\/902\/revisions"}],"predecessor-version":[{"id":912,"href":"http:\/\/lettres.ac-besancon.fr\/index.php?rest_route=\/wp\/v2\/posts\/902\/revisions\/912"}],"wp:attachment":[{"href":"http:\/\/lettres.ac-besancon.fr\/index.php?rest_route=%2Fwp%2Fv2%2Fmedia&parent=902"}],"wp:term":[{"taxonomy":"category","embeddable":true,"href":"http:\/\/lettres.ac-besancon.fr\/index.php?rest_route=%2Fwp%2Fv2%2Fcategories&post=902"},{"taxonomy":"post_tag","embeddable":true,"href":"http:\/\/lettres.ac-besancon.fr\/index.php?rest_route=%2Fwp%2Fv2%2Ftags&post=902"}],"curies":[{"name":"wp","href":"https:\/\/api.w.org\/{rel}","templated":true}]}}