{"id":878,"date":"2022-11-03T21:16:45","date_gmt":"2022-11-03T20:16:45","guid":{"rendered":"http:\/\/lettres.ac-besancon.fr\/?p=878"},"modified":"2022-11-03T21:17:11","modified_gmt":"2022-11-03T20:17:11","slug":"17e-edition-du-festival-europeen-latin-grec-lecture-publique-internationale-de-leneide","status":"publish","type":"post","link":"http:\/\/lettres.ac-besancon.fr\/?p=878","title":{"rendered":"17e \u00e9dition du Festival Europ\u00e9en Latin Grec: lecture publique internationale de l&rsquo;En\u00e9ide."},"content":{"rendered":"<p><a href=\"http:\/\/lettres.ac-besancon.fr\/wp-content\/uploads\/sites\/53\/2022\/11\/PASTILLE-ENEIDE-230x230-1.png\"><img loading=\"lazy\" decoding=\"async\" class=\"alignleft size-full wp-image-879\" src=\"http:\/\/lettres.ac-besancon.fr\/wp-content\/uploads\/sites\/53\/2022\/11\/PASTILLE-ENEIDE-230x230-1.png\" alt=\"\" width=\"230\" height=\"230\" srcset=\"http:\/\/lettres.ac-besancon.fr\/wp-content\/uploads\/sites\/53\/2022\/11\/PASTILLE-ENEIDE-230x230-1.png 230w, http:\/\/lettres.ac-besancon.fr\/wp-content\/uploads\/sites\/53\/2022\/11\/PASTILLE-ENEIDE-230x230-1-150x150.png 150w, http:\/\/lettres.ac-besancon.fr\/wp-content\/uploads\/sites\/53\/2022\/11\/PASTILLE-ENEIDE-230x230-1-144x144.png 144w\" sizes=\"auto, (max-width: 230px) 100vw, 230px\" \/><\/a><\/p>\n<p>\u00a0\u00bb La prochaine \u00e9dition du Festival Europ\u00e9en Latin Grec, intitul\u00e9e <strong>\u00c9N\u00c9IDE MMXXIII<\/strong>,&nbsp;mettra \u00e0 l\u2019honneur&nbsp;<strong><em>L\u2019<\/em><em>\u00c9n\u00e9ide<\/em><\/strong><strong>&nbsp;de Virgile<\/strong>.La&nbsp;<strong>lecture publique internationale<\/strong>, \u00e9v\u00e9nement phare du Festival, aura lieu le&nbsp;<strong>vendredi 24 mars 2023 de 11h00 \u00e0 12h00 (heure fran\u00e7aise).<\/strong><\/p>\n<p><!--more--><\/p>\n<p>Comme chaque ann\u00e9e, elle rassemblera des milliers de lecteurs lisant simultan\u00e9ment des extraits de l\u2019\u0153uvre en des dizaines de langues. Les vid\u00e9os des performances seront diffus\u00e9es sur la page&nbsp;<a href=\"https:\/\/www.facebook.com\/FestivalLatinGrec\/\"><strong>Facebook<\/strong><\/a>&nbsp;et sur la cha\u00eene&nbsp;<strong><a href=\"https:\/\/www.youtube.com\/watch?v=HLR40TFU56k&amp;list=PL_s7Vs109jqKDjCB1WszmdDyKxLRbbmqU\">You<\/a><\/strong><a href=\"https:\/\/www.youtube.com\/watch?v=HLR40TFU56k&amp;list=PL_s7Vs109jqKDjCB1WszmdDyKxLRbbmqU\"><strong>Tube<\/strong><\/a> du Festival. Cet \u00e9v\u00e9nement est ouvert \u00e0 tous : inscrivez-vous et faites entendre dans le monde entier les aventures d\u2019\u00c9n\u00e9e !\u00a0\u00bb&nbsp;<\/p>\n<ul>\n<li><a href=\"https:\/\/festival-latingrec.eu\/2022\/09\/29\/24-mars-2023-lecture-live-integrale-de-leneide-de-virgile-infos-inscriptions-ici\/\">Retrouvez toutes les informations sur le site du Festival Latin-Grec<\/a><\/li>\n<li><a href=\"https:\/\/docs.google.com\/forms\/d\/e\/1FAIpQLScEFjwP332bNHEJ9xJM73QcQwVU_AeFaCET5RUD1T-JIJWC5g\/viewform\">Inscrivez-vous en ligne<\/a><\/li>\n<\/ul>\n","protected":false},"excerpt":{"rendered":"<p>\u00a0\u00bb La prochaine \u00e9dition du Festival Europ\u00e9en Latin Grec, intitul\u00e9e \u00c9N\u00c9IDE MMXXIII,&nbsp;mettra \u00e0 l\u2019honneur&nbsp;L\u2019\u00c9n\u00e9ide&nbsp;de Virgile.La&nbsp;lecture publique internationale, \u00e9v\u00e9nement phare du Festival, aura lieu le&nbsp;vendredi 24 mars 2023 de 11h00 \u00e0 12h00 (heure fran\u00e7aise).<\/p><p><a class=\"more-link btn\" href=\"http:\/\/lettres.ac-besancon.fr\/?p=878\">Lire la suite<\/a><\/p>\n","protected":false},"author":187,"featured_media":0,"comment_status":"closed","ping_status":"closed","sticky":false,"template":"","format":"standard","meta":{"footnotes":""},"categories":[7],"tags":[213,211,190,189,193,154,212],"class_list":["post-878","post","type-post","status-publish","format-standard","hentry","category-langues-et-cultures-de-lantiquite","tag-eneide","tag-festival","tag-grec","tag-latin","tag-lecture","tag-oral","tag-voix-haute","item-wrap"],"_links":{"self":[{"href":"http:\/\/lettres.ac-besancon.fr\/index.php?rest_route=\/wp\/v2\/posts\/878","targetHints":{"allow":["GET"]}}],"collection":[{"href":"http:\/\/lettres.ac-besancon.fr\/index.php?rest_route=\/wp\/v2\/posts"}],"about":[{"href":"http:\/\/lettres.ac-besancon.fr\/index.php?rest_route=\/wp\/v2\/types\/post"}],"author":[{"embeddable":true,"href":"http:\/\/lettres.ac-besancon.fr\/index.php?rest_route=\/wp\/v2\/users\/187"}],"replies":[{"embeddable":true,"href":"http:\/\/lettres.ac-besancon.fr\/index.php?rest_route=%2Fwp%2Fv2%2Fcomments&post=878"}],"version-history":[{"count":5,"href":"http:\/\/lettres.ac-besancon.fr\/index.php?rest_route=\/wp\/v2\/posts\/878\/revisions"}],"predecessor-version":[{"id":884,"href":"http:\/\/lettres.ac-besancon.fr\/index.php?rest_route=\/wp\/v2\/posts\/878\/revisions\/884"}],"wp:attachment":[{"href":"http:\/\/lettres.ac-besancon.fr\/index.php?rest_route=%2Fwp%2Fv2%2Fmedia&parent=878"}],"wp:term":[{"taxonomy":"category","embeddable":true,"href":"http:\/\/lettres.ac-besancon.fr\/index.php?rest_route=%2Fwp%2Fv2%2Fcategories&post=878"},{"taxonomy":"post_tag","embeddable":true,"href":"http:\/\/lettres.ac-besancon.fr\/index.php?rest_route=%2Fwp%2Fv2%2Ftags&post=878"}],"curies":[{"name":"wp","href":"https:\/\/api.w.org\/{rel}","templated":true}]}}