{"id":591,"date":"2021-11-15T20:56:12","date_gmt":"2021-11-15T19:56:12","guid":{"rendered":"http:\/\/lettres.ac-besancon.fr\/?p=591"},"modified":"2022-10-31T13:32:29","modified_gmt":"2022-10-31T12:32:29","slug":"formation-hlp-lycee-du-8-novembre-2021","status":"publish","type":"post","link":"http:\/\/lettres.ac-besancon.fr\/?p=591","title":{"rendered":"Formation HLP (lyc\u00e9e) du 8 novembre 2021"},"content":{"rendered":"<p><a href=\"http:\/\/lettres.ac-besancon.fr\/wp-content\/uploads\/sites\/53\/2021\/11\/man-g0820caf53_640.jpg\"><img loading=\"lazy\" decoding=\"async\" class=\"alignleft wp-image-724\" src=\"http:\/\/lettres.ac-besancon.fr\/wp-content\/uploads\/sites\/53\/2021\/11\/man-g0820caf53_640-300x200.jpg\" alt=\"\" width=\"275\" height=\"184\" srcset=\"http:\/\/lettres.ac-besancon.fr\/wp-content\/uploads\/sites\/53\/2021\/11\/man-g0820caf53_640-300x200.jpg 300w, http:\/\/lettres.ac-besancon.fr\/wp-content\/uploads\/sites\/53\/2021\/11\/man-g0820caf53_640.jpg 640w\" sizes=\"auto, (max-width: 275px) 100vw, 275px\" \/><\/a><\/p>\n<p>La page d\u00e9di\u00e9e \u00e0 la formation HLP (lyc\u00e9e) du 8 novembre&nbsp; 2021 est r\u00e9alis\u00e9e et disponible sur le site acad\u00e9mique disciplinaire de philosophie, <a href=\"http:\/\/philosophie.ac-besancon.fr\/journee-de-formation-hlp-du-08-novembre-2021\/\">en cliquant sur ce lien<\/a>.&nbsp;<\/p>\n<p>Pour rappel, les documents relatifs \u00e0 la pr\u00e9c\u00e9dente formation HLP d&rsquo;octobre 2020 sous toujours disponibles <a href=\"http:\/\/lettres.ac-besancon.fr\/archives\/495\">dans cet article.<\/a>&nbsp;<\/p>\n<p><!--more--><\/p>\n<p style=\"font-weight: 400\">Voici ce que le webmestre (<a href=\"https:\/\/webmail1k.orange.fr\/webmail\/fr_FR\/read.html?FOLDER=SF_INBOX&amp;IDMSG=64438&amp;check=&amp;SORTBY=1#\">michel.murarotto@ac-besancon.fr<\/a>) a \u00e9crit aux professeurs de philosophie dans le cadre de cette publication :&nbsp;\u00ab\u00a0<i><em>Dans le respect du&nbsp;<b><strong>RGPD<\/strong><\/b>, je tiens \u00e0 vous rappeler que vous pouvez faire valoir, \u00e0 tout moment, en me l\u2019indiquant par courriel, votre retrait, si vous ne souhaitez pas que vos travaux apparaissent sur le site acad\u00e9mique. Au contraire, si vous tenez \u00e0 ce que j\u2019indique vos noms ou votre Lyc\u00e9e sur vos travaux, que je corrige ou que j\u2019ajoute vos productions (y compris en cours d\u2019ann\u00e9e), cela est tout \u00e0 fait possible (dans la mesure o\u00f9 vous tiendriez, par exemple, \u00e0 valoriser cela dans votre&nbsp;<b><strong>CV I-Prof<\/strong><\/b>).<\/em><\/i><\/p>\n<p>&nbsp;<\/p>\n","protected":false},"excerpt":{"rendered":"<p>La page d\u00e9di\u00e9e \u00e0 la formation HLP (lyc\u00e9e) du 8 novembre&nbsp; 2021 est r\u00e9alis\u00e9e et disponible sur le site acad\u00e9mique disciplinaire de philosophie, en cliquant sur ce lien.&nbsp; Pour rappel, les documents relatifs \u00e0 la pr\u00e9c\u00e9dente formation HLP d&rsquo;octobre 2020 sous toujours disponibles dans cet article.&nbsp;<\/p><p><a class=\"more-link btn\" href=\"http:\/\/lettres.ac-besancon.fr\/?p=591\">Lire la suite<\/a><\/p>\n","protected":false},"author":187,"featured_media":0,"comment_status":"closed","ping_status":"closed","sticky":false,"template":"","format":"standard","meta":{"footnotes":""},"categories":[106,55,4],"tags":[83,84,98,22,97],"class_list":["post-591","post","type-post","status-publish","format-standard","hentry","category-praf","category-humanites-litterature-et-philosophie","category-lycee","tag-formation","tag-hlp","tag-humanites","tag-lycee","tag-philosophie","item-wrap"],"_links":{"self":[{"href":"http:\/\/lettres.ac-besancon.fr\/index.php?rest_route=\/wp\/v2\/posts\/591","targetHints":{"allow":["GET"]}}],"collection":[{"href":"http:\/\/lettres.ac-besancon.fr\/index.php?rest_route=\/wp\/v2\/posts"}],"about":[{"href":"http:\/\/lettres.ac-besancon.fr\/index.php?rest_route=\/wp\/v2\/types\/post"}],"author":[{"embeddable":true,"href":"http:\/\/lettres.ac-besancon.fr\/index.php?rest_route=\/wp\/v2\/users\/187"}],"replies":[{"embeddable":true,"href":"http:\/\/lettres.ac-besancon.fr\/index.php?rest_route=%2Fwp%2Fv2%2Fcomments&post=591"}],"version-history":[{"count":5,"href":"http:\/\/lettres.ac-besancon.fr\/index.php?rest_route=\/wp\/v2\/posts\/591\/revisions"}],"predecessor-version":[{"id":821,"href":"http:\/\/lettres.ac-besancon.fr\/index.php?rest_route=\/wp\/v2\/posts\/591\/revisions\/821"}],"wp:attachment":[{"href":"http:\/\/lettres.ac-besancon.fr\/index.php?rest_route=%2Fwp%2Fv2%2Fmedia&parent=591"}],"wp:term":[{"taxonomy":"category","embeddable":true,"href":"http:\/\/lettres.ac-besancon.fr\/index.php?rest_route=%2Fwp%2Fv2%2Fcategories&post=591"},{"taxonomy":"post_tag","embeddable":true,"href":"http:\/\/lettres.ac-besancon.fr\/index.php?rest_route=%2Fwp%2Fv2%2Ftags&post=591"}],"curies":[{"name":"wp","href":"https:\/\/api.w.org\/{rel}","templated":true}]}}