{"id":540,"date":"2021-04-09T17:52:59","date_gmt":"2021-04-09T15:52:59","guid":{"rendered":"http:\/\/lettres.ac-besancon.fr\/?p=540"},"modified":"2022-10-31T13:14:18","modified_gmt":"2022-10-31T12:14:18","slug":"ressources-pour-lenseignement-de-leloquence-en-classe-de-3eme","status":"publish","type":"post","link":"http:\/\/lettres.ac-besancon.fr\/?p=540","title":{"rendered":"Ressources pour l&rsquo;enseignement de l&rsquo;\u00e9loquence en classe de 3\u00e8me."},"content":{"rendered":"<p><a href=\"http:\/\/lettres.ac-besancon.fr\/wp-content\/uploads\/sites\/53\/2021\/04\/eloquence.jpg\"><img loading=\"lazy\" decoding=\"async\" class=\"alignleft  wp-image-812\" src=\"http:\/\/lettres.ac-besancon.fr\/wp-content\/uploads\/sites\/53\/2021\/04\/eloquence-300x247.jpg\" alt=\"\" width=\"273\" height=\"225\" srcset=\"http:\/\/lettres.ac-besancon.fr\/wp-content\/uploads\/sites\/53\/2021\/04\/eloquence-300x247.jpg 300w, http:\/\/lettres.ac-besancon.fr\/wp-content\/uploads\/sites\/53\/2021\/04\/eloquence.jpg 637w\" sizes=\"auto, (max-width: 273px) 100vw, 273px\" \/><\/a>Le minist\u00e8re charg\u00e9 de l&rsquo;\u00c9ducation nationale a lanc\u00e9 \u00e0 partir de la rentr\u00e9e scolaire 2019 une exp\u00e9rimentation portant sur un enseignement d&rsquo;\u00e9loquence en classe de troisi\u00e8me, dans le cadre du cours de fran\u00e7ais, \u00e0 raison d&rsquo;une demi-heure hebdomadaire. Cette exp\u00e9rimentation s&rsquo;inscrit dans le plan d&rsquo;action interminist\u00e9riel \u00ab \u00c0 l&rsquo;\u00e9cole des arts et de la culture \u00bb, pr\u00e9sent\u00e9 le 17 septembre 2018 par les ministres charg\u00e9s de la Culture et de l&rsquo;\u00c9ducation nationale, qui a pour ambition de placer les arts et la culture au c\u0153ur de l&rsquo;\u00c9cole, et se poursuit dans le cadre de l\u2019op\u00e9ration \u00ab Lecture, grande cause nationale \u00bb.<!--more--><\/p>\n<p><span style=\"text-decoration: underline\"><strong><a href=\"http:\/\/lettres.ac-besancon.fr\/wp-content\/uploads\/sites\/53\/2021\/04\/booklet.png\"><img loading=\"lazy\" decoding=\"async\" class=\"wp-image-545 alignnone\" src=\"http:\/\/lettres.ac-besancon.fr\/wp-content\/uploads\/sites\/53\/2021\/04\/booklet.png\" alt=\"\" width=\"32\" height=\"32\"><\/a><\/strong><\/span><strong><a href=\"http:\/\/lettres.ac-besancon.fr\/wp-content\/uploads\/sites\/53\/2021\/04\/booklet.png\"> &nbsp;<\/a><\/strong><span style=\"text-decoration: underline\"><strong>Pr\u00e9sentation g\u00e9n\u00e9rale:&nbsp;<br \/>\n<\/strong><\/span><\/p>\n<ul>\n<li><a href=\"http:\/\/lettres.ac-besancon.fr\/wp-content\/uploads\/sites\/53\/2021\/04\/Presentation-experimentation.doc\" target=\"_blank\" rel=\"noopener\">Pr\u00e9sentation de l&rsquo;exp\u00e9rimentation de l&rsquo;enseignement d&rsquo;\u00e9loquence<\/a><\/li>\n<\/ul>\n<p><a href=\"http:\/\/lettres.ac-besancon.fr\/wp-content\/uploads\/sites\/53\/2021\/04\/calendar.png\"><img loading=\"lazy\" decoding=\"async\" class=\"wp-image-547 alignnone\" src=\"http:\/\/lettres.ac-besancon.fr\/wp-content\/uploads\/sites\/53\/2021\/04\/calendar.png\" alt=\"\" width=\"33\" height=\"33\"> &nbsp;<\/a><span style=\"text-decoration: underline\"><strong>Comptes rendus annuels:<\/strong><\/span><\/p>\n<ul>\n<li><a href=\"http:\/\/lettres.ac-besancon.fr\/wp-content\/uploads\/sites\/53\/2021\/04\/Compte-rendu-enquete-automne-Eloquence-version-definitive.pdf\" target=\"_blank\" rel=\"noopener\">Compte rendu de l&rsquo;enqu\u00eate de l&rsquo;exp\u00e9rimentation (Automne 2019)<\/a><\/li>\n<li><a href=\"http:\/\/lettres.ac-besancon.fr\/wp-content\/uploads\/sites\/53\/2021\/04\/Compte-rendu-enquete-automne-Eloquence-2020-A1-2-def.pdf\" target=\"_blank\" rel=\"noopener\">Compte rendu de l&rsquo;enqu\u00eate de l&rsquo;exp\u00e9rimentation (Automne 2020)<\/a><\/li>\n<\/ul>\n<p><a href=\"http:\/\/lettres.ac-besancon.fr\/wp-content\/uploads\/sites\/53\/2021\/04\/tools.png\"><img loading=\"lazy\" decoding=\"async\" class=\" wp-image-548 alignnone\" src=\"http:\/\/lettres.ac-besancon.fr\/wp-content\/uploads\/sites\/53\/2021\/04\/tools.png\" alt=\"\" width=\"30\" height=\"30\"> &nbsp;<\/a><span style=\"text-decoration: underline\"><strong>Ressources :&nbsp;<\/strong><\/span><\/p>\n<ul>\n<li><a href=\"https:\/\/eduscol.education.fr\/630\/experimentation-d-un-enseignement-eloquence-en-classe-de-troisieme\">Page Eduscol consacr\u00e9e \u00e0 l&rsquo;exp\u00e9rimentation d&rsquo;un enseignement de l&rsquo;\u00e9loquence en 3\u00e8me.<\/a><\/li>\n<li>Un dossier \u00ab&nbsp;<a href=\"https:\/\/journals.openedition.org\/recherchestravaux\/3825\" target=\"_blank\" rel=\"noopener\">Penser le retour de l\u2019\u00e9loquence et de son enseignement<\/a> \u00bb, publi\u00e9 en d\u00e9cembre 2021 dans la revue <em>Recherches &amp; Travaux<\/em>.<\/li>\n<\/ul>\n<p>&nbsp;<\/p>\n","protected":false},"excerpt":{"rendered":"<p>Le minist\u00e8re charg\u00e9 de l&rsquo;\u00c9ducation nationale a lanc\u00e9 \u00e0 partir de la rentr\u00e9e scolaire 2019 une exp\u00e9rimentation portant sur un enseignement d&rsquo;\u00e9loquence en classe de troisi\u00e8me, dans le cadre du cours de fran\u00e7ais, \u00e0 raison d&rsquo;une demi-heure hebdomadaire. Cette exp\u00e9rimentation s&rsquo;inscrit dans le plan d&rsquo;action interminist\u00e9riel \u00ab \u00c0 l&rsquo;\u00e9cole des arts et de la culture &hellip; <\/p>\n<p><a class=\"more-link btn\" href=\"http:\/\/lettres.ac-besancon.fr\/?p=540\">Lire la suite<\/a><\/p>\n","protected":false},"author":187,"featured_media":0,"comment_status":"closed","ping_status":"closed","sticky":false,"template":"","format":"standard","meta":{"footnotes":""},"categories":[3,131,124,89,127],"tags":[198,29,197,199,154,155],"class_list":["post-540","post","type-post","status-publish","format-standard","hentry","category-college","category-college-oral-didactique-pedagogie","category-didactique-pedagogie","category-eloquence-3e","category-oral-didactique-pedagogie","tag-3eme","tag-college","tag-eloquence","tag-eloquence-3eme","tag-oral","tag-ressources","item-wrap"],"_links":{"self":[{"href":"http:\/\/lettres.ac-besancon.fr\/index.php?rest_route=\/wp\/v2\/posts\/540","targetHints":{"allow":["GET"]}}],"collection":[{"href":"http:\/\/lettres.ac-besancon.fr\/index.php?rest_route=\/wp\/v2\/posts"}],"about":[{"href":"http:\/\/lettres.ac-besancon.fr\/index.php?rest_route=\/wp\/v2\/types\/post"}],"author":[{"embeddable":true,"href":"http:\/\/lettres.ac-besancon.fr\/index.php?rest_route=\/wp\/v2\/users\/187"}],"replies":[{"embeddable":true,"href":"http:\/\/lettres.ac-besancon.fr\/index.php?rest_route=%2Fwp%2Fv2%2Fcomments&post=540"}],"version-history":[{"count":7,"href":"http:\/\/lettres.ac-besancon.fr\/index.php?rest_route=\/wp\/v2\/posts\/540\/revisions"}],"predecessor-version":[{"id":813,"href":"http:\/\/lettres.ac-besancon.fr\/index.php?rest_route=\/wp\/v2\/posts\/540\/revisions\/813"}],"wp:attachment":[{"href":"http:\/\/lettres.ac-besancon.fr\/index.php?rest_route=%2Fwp%2Fv2%2Fmedia&parent=540"}],"wp:term":[{"taxonomy":"category","embeddable":true,"href":"http:\/\/lettres.ac-besancon.fr\/index.php?rest_route=%2Fwp%2Fv2%2Fcategories&post=540"},{"taxonomy":"post_tag","embeddable":true,"href":"http:\/\/lettres.ac-besancon.fr\/index.php?rest_route=%2Fwp%2Fv2%2Ftags&post=540"}],"curies":[{"name":"wp","href":"https:\/\/api.w.org\/{rel}","templated":true}]}}