{"id":47,"date":"2016-02-26T21:21:21","date_gmt":"2016-02-26T20:21:21","guid":{"rendered":"http:\/\/lettres.ac-besancon.fr\/?p=47"},"modified":"2022-10-31T10:53:21","modified_gmt":"2022-10-31T09:53:21","slug":"accompagnement-personnalise","status":"publish","type":"post","link":"http:\/\/lettres.ac-besancon.fr\/?p=47","title":{"rendered":"Ressources accompagnement personnalis\u00e9 au lyc\u00e9e"},"content":{"rendered":"<p><i><a href=\"http:\/\/lettres.ac-besancon.fr\/wp-content\/uploads\/sites\/53\/2016\/02\/eduscol-378x380-1.jpg\"><img loading=\"lazy\" decoding=\"async\" class=\"alignleft  wp-image-733\" src=\"http:\/\/lettres.ac-besancon.fr\/wp-content\/uploads\/sites\/53\/2016\/02\/eduscol-378x380-1-298x300.jpg\" alt=\"\" width=\"97\" height=\"98\" srcset=\"http:\/\/lettres.ac-besancon.fr\/wp-content\/uploads\/sites\/53\/2016\/02\/eduscol-378x380-1-298x300.jpg 298w, http:\/\/lettres.ac-besancon.fr\/wp-content\/uploads\/sites\/53\/2016\/02\/eduscol-378x380-1-150x150.jpg 150w, http:\/\/lettres.ac-besancon.fr\/wp-content\/uploads\/sites\/53\/2016\/02\/eduscol-378x380-1-144x144.jpg 144w, http:\/\/lettres.ac-besancon.fr\/wp-content\/uploads\/sites\/53\/2016\/02\/eduscol-378x380-1.jpg 378w\" sizes=\"auto, (max-width: 97px) 100vw, 97px\" \/><\/a><\/i><\/p>\n<p><i>Eduscol<\/i> pr\u00e9sente un <a href=\"http:\/\/cache.media.eduscol.education.fr\/file\/Accompagnement_personnalise\/70\/0\/Ressources_pour_l_accompagnement_personnalise_228700.zip\" target=\"_blank\" rel=\"noopener\">ensemble de modules pour l\u2019accompagnement personnalis\u00e9<\/a> au lyc\u00e9e de la seconde \u00e0 la terminale, en voie g\u00e9n\u00e9rale et technologique et en voie professionnelle.<\/p>\n","protected":false},"excerpt":{"rendered":"<p>Eduscol pr\u00e9sente un ensemble de modules pour l\u2019accompagnement personnalis\u00e9 au lyc\u00e9e de la seconde \u00e0 la terminale, en voie g\u00e9n\u00e9rale et technologique et en voie professionnelle.<\/p>\n","protected":false},"author":187,"featured_media":0,"comment_status":"open","ping_status":"open","sticky":false,"template":"","format":"standard","meta":{"footnotes":""},"categories":[122,120,4,14],"tags":[21,158,39,22,95,23],"class_list":["post-47","post","type-post","status-publish","format-standard","hentry","category-accompagnement-personnalise-dispositifs-daccompagnement-des-eleves-lycee","category-dispositifs-daccompagnement-des-eleves-lycee","category-lycee","category-seconde","tag-accompagnement","tag-ap","tag-eduscol","tag-lycee","tag-ressource","tag-seconde","item-wrap"],"_links":{"self":[{"href":"http:\/\/lettres.ac-besancon.fr\/index.php?rest_route=\/wp\/v2\/posts\/47","targetHints":{"allow":["GET"]}}],"collection":[{"href":"http:\/\/lettres.ac-besancon.fr\/index.php?rest_route=\/wp\/v2\/posts"}],"about":[{"href":"http:\/\/lettres.ac-besancon.fr\/index.php?rest_route=\/wp\/v2\/types\/post"}],"author":[{"embeddable":true,"href":"http:\/\/lettres.ac-besancon.fr\/index.php?rest_route=\/wp\/v2\/users\/187"}],"replies":[{"embeddable":true,"href":"http:\/\/lettres.ac-besancon.fr\/index.php?rest_route=%2Fwp%2Fv2%2Fcomments&post=47"}],"version-history":[{"count":3,"href":"http:\/\/lettres.ac-besancon.fr\/index.php?rest_route=\/wp\/v2\/posts\/47\/revisions"}],"predecessor-version":[{"id":734,"href":"http:\/\/lettres.ac-besancon.fr\/index.php?rest_route=\/wp\/v2\/posts\/47\/revisions\/734"}],"wp:attachment":[{"href":"http:\/\/lettres.ac-besancon.fr\/index.php?rest_route=%2Fwp%2Fv2%2Fmedia&parent=47"}],"wp:term":[{"taxonomy":"category","embeddable":true,"href":"http:\/\/lettres.ac-besancon.fr\/index.php?rest_route=%2Fwp%2Fv2%2Fcategories&post=47"},{"taxonomy":"post_tag","embeddable":true,"href":"http:\/\/lettres.ac-besancon.fr\/index.php?rest_route=%2Fwp%2Fv2%2Ftags&post=47"}],"curies":[{"name":"wp","href":"https:\/\/api.w.org\/{rel}","templated":true}]}}