{"id":362,"date":"2019-12-11T15:18:12","date_gmt":"2019-12-11T14:18:12","guid":{"rendered":"http:\/\/lettres.ac-besancon.fr\/?p=362"},"modified":"2022-10-31T12:38:53","modified_gmt":"2022-10-31T11:38:53","slug":"jules-verne-voyage-au-centre-de-la-terre-parcours-science-et-fiction","status":"publish","type":"post","link":"http:\/\/lettres.ac-besancon.fr\/?p=362","title":{"rendered":"Jules Verne, Voyage au centre de la Terre. Parcours : Science et fiction."},"content":{"rendered":"<p><a href=\"http:\/\/lettres.ac-besancon.fr\/wp-content\/uploads\/sites\/53\/2019\/12\/portrait-fr-1465312152.jpg\"><img loading=\"lazy\" decoding=\"async\" class=\"alignleft  wp-image-784\" src=\"http:\/\/lettres.ac-besancon.fr\/wp-content\/uploads\/sites\/53\/2019\/12\/portrait-fr-1465312152-252x300.jpg\" alt=\"\" width=\"194\" height=\"231\" srcset=\"http:\/\/lettres.ac-besancon.fr\/wp-content\/uploads\/sites\/53\/2019\/12\/portrait-fr-1465312152-252x300.jpg 252w, http:\/\/lettres.ac-besancon.fr\/wp-content\/uploads\/sites\/53\/2019\/12\/portrait-fr-1465312152-860x1024.jpg 860w, http:\/\/lettres.ac-besancon.fr\/wp-content\/uploads\/sites\/53\/2019\/12\/portrait-fr-1465312152-768x914.jpg 768w, http:\/\/lettres.ac-besancon.fr\/wp-content\/uploads\/sites\/53\/2019\/12\/portrait-fr-1465312152-1291x1536.jpg 1291w, http:\/\/lettres.ac-besancon.fr\/wp-content\/uploads\/sites\/53\/2019\/12\/portrait-fr-1465312152-1721x2048.jpg 1721w, http:\/\/lettres.ac-besancon.fr\/wp-content\/uploads\/sites\/53\/2019\/12\/portrait-fr-1465312152-750x893.jpg 750w, http:\/\/lettres.ac-besancon.fr\/wp-content\/uploads\/sites\/53\/2019\/12\/portrait-fr-1465312152.jpg 1920w\" sizes=\"auto, (max-width: 194px) 100vw, 194px\" \/><\/a><\/p>\n<p>Jules Verne, <em>Voyage au centre de la Terre<\/em> .<br \/>\n<strong>Parcours<\/strong> : Science et fiction.<\/p>\n<p>&nbsp;<\/p>\n<p>Ressources t\u00e9l\u00e9chargeables propos\u00e9es par Fanny Drouot, enseignante de Lettres de l&rsquo;Acad\u00e9mie de Besan\u00e7on.<\/p>\n<p><!--more--><\/p>\n<p>&nbsp;<\/p>\n<p><a href=\"http:\/\/lettres.ac-besancon.fr\/wp-content\/uploads\/sites\/53\/2019\/12\/JV-1-Seq-collegues.odt\" target=\"_blank\" rel=\"noopener noreferrer\"><img loading=\"lazy\" decoding=\"async\" class=\"alignleft wp-image-246 size-full\" src=\"http:\/\/lettres.ac-besancon.fr\/wp-content\/uploads\/sites\/53\/2019\/11\/arrow-down.png\" alt=\"\" width=\"64\" height=\"64\"><\/a><br \/>\nDocument 1: Proposition de s\u00e9quence.<\/p>\n<p>&nbsp;<\/p>\n<p><a href=\"http:\/\/lettres.ac-besancon.fr\/wp-content\/uploads\/sites\/53\/2019\/12\/Diaporama.odp\" target=\"_blank\" rel=\"noopener noreferrer\"><img loading=\"lazy\" decoding=\"async\" class=\"alignleft wp-image-246 size-full\" src=\"http:\/\/lettres.ac-besancon.fr\/wp-content\/uploads\/sites\/53\/2019\/11\/arrow-down.png\" alt=\"\" width=\"64\" height=\"64\"><\/a><br \/>\nDocument 2: Diaporama.<\/p>\n<p>&nbsp;<\/p>\n<p><a href=\"http:\/\/lettres.ac-besancon.fr\/wp-content\/uploads\/sites\/53\/2019\/12\/Descriptif-simplifie-JV.odt\"><img loading=\"lazy\" decoding=\"async\" class=\"alignleft wp-image-246 size-full\" src=\"http:\/\/lettres.ac-besancon.fr\/wp-content\/uploads\/sites\/53\/2019\/11\/arrow-down.png\" alt=\"\" width=\"64\" height=\"64\"><\/a><br \/>\nDocument 3: Descriptif simplifi\u00e9.<\/p>\n<p>&nbsp;<\/p>\n<p><a href=\"http:\/\/lettres.ac-besancon.fr\/wp-content\/uploads\/sites\/53\/2019\/12\/Descriptif-pour-la-classe-JV.odt\" target=\"_blank\" rel=\"noopener noreferrer\"><img loading=\"lazy\" decoding=\"async\" class=\"alignleft wp-image-246 size-full\" src=\"http:\/\/lettres.ac-besancon.fr\/wp-content\/uploads\/sites\/53\/2019\/11\/arrow-down.png\" alt=\"\" width=\"64\" height=\"64\"><\/a><br \/>\nDocument 4: Descriptif pour la classe.<\/p>\n<p>&nbsp;<\/p>\n<p><a href=\"http:\/\/lettres.ac-besancon.fr\/wp-content\/uploads\/sites\/53\/2019\/12\/JV-6-Le-Petit-Journal.pdf\" target=\"_blank\" rel=\"noopener noreferrer\"><img loading=\"lazy\" decoding=\"async\" class=\"alignleft wp-image-246 size-full\" src=\"http:\/\/lettres.ac-besancon.fr\/wp-content\/uploads\/sites\/53\/2019\/11\/arrow-down.png\" alt=\"\" width=\"64\" height=\"64\"><\/a><br \/>\nDocument 5: Le Petit Journal.<\/p>\n<p>&nbsp;<\/p>\n<p><a href=\"http:\/\/lettres.ac-besancon.fr\/wp-content\/uploads\/sites\/53\/2019\/12\/JV-5-Moulin-Quignon.odt\" target=\"_blank\" rel=\"noopener noreferrer\"><img loading=\"lazy\" decoding=\"async\" class=\"alignleft wp-image-246 size-full\" src=\"http:\/\/lettres.ac-besancon.fr\/wp-content\/uploads\/sites\/53\/2019\/11\/arrow-down.png\" alt=\"\" width=\"64\" height=\"64\"><\/a><br \/>\nDocument 6: Moulin Quignon.<\/p>\n<p>&nbsp;<\/p>\n<p><a href=\"http:\/\/lettres.ac-besancon.fr\/wp-content\/uploads\/sites\/53\/2019\/12\/JV-4-Les-Fossiles.pdf\" target=\"_blank\" rel=\"noopener noreferrer\"><img loading=\"lazy\" decoding=\"async\" class=\"alignleft wp-image-246 size-full\" src=\"http:\/\/lettres.ac-besancon.fr\/wp-content\/uploads\/sites\/53\/2019\/11\/arrow-down.png\" alt=\"\" width=\"64\" height=\"64\"><\/a><br \/>\nDocument 7: Les fossiles.<\/p>\n<p>&nbsp;<\/p>\n<p><a href=\"http:\/\/lettres.ac-besancon.fr\/wp-content\/uploads\/sites\/53\/2019\/12\/JV-3-Stratigraphie.odt\" target=\"_blank\" rel=\"noopener noreferrer\"><img loading=\"lazy\" decoding=\"async\" class=\"alignleft wp-image-246 size-full\" src=\"http:\/\/lettres.ac-besancon.fr\/wp-content\/uploads\/sites\/53\/2019\/11\/arrow-down.png\" alt=\"\" width=\"64\" height=\"64\"><\/a><br \/>\nDocument 8: Stratigraphie.<\/p>\n<p>&nbsp;<\/p>\n<p><a href=\"http:\/\/lettres.ac-besancon.fr\/wp-content\/uploads\/sites\/53\/2019\/12\/JV-2-Tour-Eiffel.odt\" target=\"_blank\" rel=\"noopener noreferrer\"><img loading=\"lazy\" decoding=\"async\" class=\"alignleft wp-image-246 size-full\" src=\"http:\/\/lettres.ac-besancon.fr\/wp-content\/uploads\/sites\/53\/2019\/11\/arrow-down.png\" alt=\"\" width=\"64\" height=\"64\"><\/a><br \/>\nDocument 9: Tour Eiffel.<\/p>\n","protected":false},"excerpt":{"rendered":"<p>Jules Verne, Voyage au centre de la Terre . Parcours : Science et fiction. &nbsp; Ressources t\u00e9l\u00e9chargeables propos\u00e9es par Fanny Drouot, enseignante de Lettres de l&rsquo;Acad\u00e9mie de Besan\u00e7on.<\/p><p><a class=\"more-link btn\" href=\"http:\/\/lettres.ac-besancon.fr\/?p=362\">Lire la suite<\/a><\/p>\n","protected":false},"author":187,"featured_media":0,"comment_status":"closed","ping_status":"closed","sticky":false,"template":"","format":"standard","meta":{"footnotes":""},"categories":[124,59,4,170,171],"tags":[25,179,22,95],"class_list":["post-362","post","type-post","status-publish","format-standard","hentry","category-didactique-pedagogie","category-eaf","category-lycee","category-sequences-et-seances","category-lycee-sequences-et-seances","tag-eaf","tag-jules-verne","tag-lycee","tag-ressource","item-wrap"],"_links":{"self":[{"href":"http:\/\/lettres.ac-besancon.fr\/index.php?rest_route=\/wp\/v2\/posts\/362","targetHints":{"allow":["GET"]}}],"collection":[{"href":"http:\/\/lettres.ac-besancon.fr\/index.php?rest_route=\/wp\/v2\/posts"}],"about":[{"href":"http:\/\/lettres.ac-besancon.fr\/index.php?rest_route=\/wp\/v2\/types\/post"}],"author":[{"embeddable":true,"href":"http:\/\/lettres.ac-besancon.fr\/index.php?rest_route=\/wp\/v2\/users\/187"}],"replies":[{"embeddable":true,"href":"http:\/\/lettres.ac-besancon.fr\/index.php?rest_route=%2Fwp%2Fv2%2Fcomments&post=362"}],"version-history":[{"count":3,"href":"http:\/\/lettres.ac-besancon.fr\/index.php?rest_route=\/wp\/v2\/posts\/362\/revisions"}],"predecessor-version":[{"id":786,"href":"http:\/\/lettres.ac-besancon.fr\/index.php?rest_route=\/wp\/v2\/posts\/362\/revisions\/786"}],"wp:attachment":[{"href":"http:\/\/lettres.ac-besancon.fr\/index.php?rest_route=%2Fwp%2Fv2%2Fmedia&parent=362"}],"wp:term":[{"taxonomy":"category","embeddable":true,"href":"http:\/\/lettres.ac-besancon.fr\/index.php?rest_route=%2Fwp%2Fv2%2Fcategories&post=362"},{"taxonomy":"post_tag","embeddable":true,"href":"http:\/\/lettres.ac-besancon.fr\/index.php?rest_route=%2Fwp%2Fv2%2Ftags&post=362"}],"curies":[{"name":"wp","href":"https:\/\/api.w.org\/{rel}","templated":true}]}}