{"id":355,"date":"2019-12-11T15:08:39","date_gmt":"2019-12-11T14:08:39","guid":{"rendered":"http:\/\/lettres.ac-besancon.fr\/?p=355"},"modified":"2022-10-31T12:40:58","modified_gmt":"2022-10-31T11:40:58","slug":"marguerite-yourcenar-memoires-dhadrien-parcours-soi-meme-comme-un-autre","status":"publish","type":"post","link":"http:\/\/lettres.ac-besancon.fr\/?p=355","title":{"rendered":"Marguerite Yourcenar : M\u00e9moires d&rsquo;Hadrien. Parcours : Soi-m\u00eame comme un autre."},"content":{"rendered":"<p><a href=\"http:\/\/lettres.ac-besancon.fr\/wp-content\/uploads\/sites\/53\/2019\/12\/personnalite_marguerite_yourcenar.jpg\"><img loading=\"lazy\" decoding=\"async\" class=\"alignleft wp-image-781\" src=\"http:\/\/lettres.ac-besancon.fr\/wp-content\/uploads\/sites\/53\/2019\/12\/personnalite_marguerite_yourcenar-217x300.jpg\" alt=\"\" width=\"141\" height=\"194\" srcset=\"http:\/\/lettres.ac-besancon.fr\/wp-content\/uploads\/sites\/53\/2019\/12\/personnalite_marguerite_yourcenar-217x300.jpg 217w, http:\/\/lettres.ac-besancon.fr\/wp-content\/uploads\/sites\/53\/2019\/12\/personnalite_marguerite_yourcenar.jpg 250w\" sizes=\"auto, (max-width: 141px) 100vw, 141px\" \/><\/a><\/p>\n<p>Marguerite Yourcenar : <em>M\u00e9moires d&rsquo;Hadrien.<\/em><br \/>\n<strong>Parcours<\/strong> : Soi-m\u00eame comme un autre.<\/p>\n<p>&nbsp;<\/p>\n<p>Ressources t\u00e9l\u00e9chargeables propos\u00e9es par Patricia Godard, enseignante de Lettres de l&rsquo;Acad\u00e9mie de Besan\u00e7on.<\/p>\n<p><!--more--><\/p>\n<p>&nbsp;<\/p>\n<p><a href=\"http:\/\/lettres.ac-besancon.fr\/wp-content\/uploads\/sites\/53\/2019\/12\/Demarche.docx\" target=\"_blank\" rel=\"noopener noreferrer\"><img loading=\"lazy\" decoding=\"async\" class=\"alignleft wp-image-246 size-full\" src=\"http:\/\/lettres.ac-besancon.fr\/wp-content\/uploads\/sites\/53\/2019\/11\/arrow-down.png\" alt=\"\" width=\"64\" height=\"64\"><\/a><br \/>\nDocument 1: Explication de la d\u00e9marche.<\/p>\n<p>&nbsp;<\/p>\n<p><a href=\"http:\/\/lettres.ac-besancon.fr\/wp-content\/uploads\/sites\/53\/2019\/12\/Schemas-MDH-problematique.docx\" target=\"_blank\" rel=\"noopener noreferrer\"><img loading=\"lazy\" decoding=\"async\" class=\"alignleft wp-image-246 size-full\" src=\"http:\/\/lettres.ac-besancon.fr\/wp-content\/uploads\/sites\/53\/2019\/11\/arrow-down.png\" alt=\"\" width=\"64\" height=\"64\"><\/a><br \/>\nDocument 2: Sch\u00e9ma de la probl\u00e9matique autour des <em>M\u00e9moires d&rsquo;Hadrien.<\/em><\/p>\n<p>&nbsp;<\/p>\n<p><a href=\"http:\/\/lettres.ac-besancon.fr\/wp-content\/uploads\/sites\/53\/2019\/12\/PROPOSITION-DE-PROGRESSION.docx\"><img loading=\"lazy\" decoding=\"async\" class=\"alignleft wp-image-246 size-full\" src=\"http:\/\/lettres.ac-besancon.fr\/wp-content\/uploads\/sites\/53\/2019\/11\/arrow-down.png\" alt=\"\" width=\"64\" height=\"64\"><\/a><br \/>\nDocument 3: Proposition de progression.<\/p>\n<p>&nbsp;<\/p>\n<p><a href=\"http:\/\/lettres.ac-besancon.fr\/wp-content\/uploads\/sites\/53\/2019\/12\/CORPUS-le-peintre-se-met-en-scene.docx\" target=\"_blank\" rel=\"noopener noreferrer\"><img loading=\"lazy\" decoding=\"async\" class=\"alignleft wp-image-246 size-full\" src=\"http:\/\/lettres.ac-besancon.fr\/wp-content\/uploads\/sites\/53\/2019\/11\/arrow-down.png\" alt=\"\" width=\"64\" height=\"64\"><\/a><br \/>\nDocument 4: Corpus: le peintre se met en sc\u00e8ne.<\/p>\n<p>&nbsp;<\/p>\n<p><a href=\"http:\/\/lettres.ac-besancon.fr\/wp-content\/uploads\/sites\/53\/2019\/12\/LISTE-BAC-HADRIEN.docx\" target=\"_blank\" rel=\"noopener noreferrer\"><img loading=\"lazy\" decoding=\"async\" class=\"alignleft wp-image-246 size-full\" src=\"http:\/\/lettres.ac-besancon.fr\/wp-content\/uploads\/sites\/53\/2019\/11\/arrow-down.png\" alt=\"\" width=\"64\" height=\"64\"><\/a><br \/>\nDocument 5: Descriptif EAF.<\/p>\n<p>&nbsp;<\/p>\n<p>&nbsp;<\/p>\n<p><a href=\"http:\/\/lettres.ac-besancon.fr\/wp-content\/uploads\/sites\/53\/2019\/12\/420e358d00a0189177b02bdf2f930426.png\"><img loading=\"lazy\" decoding=\"async\" class=\"alignleft  wp-image-787\" src=\"http:\/\/lettres.ac-besancon.fr\/wp-content\/uploads\/sites\/53\/2019\/12\/420e358d00a0189177b02bdf2f930426-221x300.png\" alt=\"\" width=\"123\" height=\"167\" srcset=\"http:\/\/lettres.ac-besancon.fr\/wp-content\/uploads\/sites\/53\/2019\/12\/420e358d00a0189177b02bdf2f930426-221x300.png 221w, http:\/\/lettres.ac-besancon.fr\/wp-content\/uploads\/sites\/53\/2019\/12\/420e358d00a0189177b02bdf2f930426.png 293w\" sizes=\"auto, (max-width: 123px) 100vw, 123px\" \/><\/a><\/p>\n<p>&nbsp;<\/p>\n<p>Marguerite Yourcenar&nbsp;:&nbsp;<i><em>M\u00e9moires d&rsquo;Hadrien.<br \/>\n<\/em><\/i><strong>Parcours<\/strong> : Soi-m\u00eame comme un autre.<\/p>\n<p>Ressources t\u00e9l\u00e9chargeables propos\u00e9es par Juliette George , enseignante de Lettres de l&rsquo;Acad\u00e9mie de Besan\u00e7on.<\/p>\n<p><!--more--><\/p>\n<p><a href=\"http:\/\/lettres.ac-besancon.fr\/wp-content\/uploads\/sites\/53\/2019\/12\/Approches-de-MH.pdf\" target=\"_blank\" rel=\"noopener noreferrer\"><img loading=\"lazy\" decoding=\"async\" class=\"alignleft wp-image-246 size-full\" src=\"http:\/\/lettres.ac-besancon.fr\/wp-content\/uploads\/sites\/53\/2019\/11\/arrow-down.png\" alt=\"\" width=\"64\" height=\"64\"><\/a><br \/>\nDocument 1: Approches de l&rsquo;oeuvre.<\/p>\n<p>&nbsp;<\/p>\n<p><a href=\"http:\/\/lettres.ac-besancon.fr\/wp-content\/uploads\/sites\/53\/2019\/12\/textes-du-parcours.pdf\" target=\"_blank\" rel=\"noopener noreferrer\"><img loading=\"lazy\" decoding=\"async\" class=\"alignleft wp-image-246 size-full\" src=\"http:\/\/lettres.ac-besancon.fr\/wp-content\/uploads\/sites\/53\/2019\/11\/arrow-down.png\" alt=\"\" width=\"64\" height=\"64\"><\/a><br \/>\nDocument 2: Textes du parcours.<\/p>\n<p>&nbsp;<\/p>\n<p><a href=\"http:\/\/lettres.ac-besancon.fr\/wp-content\/uploads\/sites\/53\/2019\/12\/textes-complementaires.pdf\"><img loading=\"lazy\" decoding=\"async\" class=\"alignleft wp-image-246 size-full\" src=\"http:\/\/lettres.ac-besancon.fr\/wp-content\/uploads\/sites\/53\/2019\/11\/arrow-down.png\" alt=\"\" width=\"64\" height=\"64\"><\/a><br \/>\nDocument 3: Textes compl\u00e9mentaires.<\/p>\n<p>&nbsp;<\/p>\n<p><a href=\"http:\/\/lettres.ac-besancon.fr\/wp-content\/uploads\/sites\/53\/2019\/12\/descriptif-Yourcenar.pdf\" target=\"_blank\" rel=\"noopener noreferrer\"><img loading=\"lazy\" decoding=\"async\" class=\"alignleft wp-image-246 size-full\" src=\"http:\/\/lettres.ac-besancon.fr\/wp-content\/uploads\/sites\/53\/2019\/11\/arrow-down.png\" alt=\"\" width=\"64\" height=\"64\"><\/a><br \/>\nDocument 4: Descriptif.<\/p>\n<p>&nbsp;<\/p>\n<p>&nbsp;<\/p>\n","protected":false},"excerpt":{"rendered":"<p>Marguerite Yourcenar : M\u00e9moires d&rsquo;Hadrien. Parcours : Soi-m\u00eame comme un autre. &nbsp; Ressources t\u00e9l\u00e9chargeables propos\u00e9es par Patricia Godard, enseignante de Lettres de l&rsquo;Acad\u00e9mie de Besan\u00e7on.<\/p><p><a class=\"more-link btn\" href=\"http:\/\/lettres.ac-besancon.fr\/?p=355\">Lire la suite<\/a><\/p>\n","protected":false},"author":187,"featured_media":0,"comment_status":"closed","ping_status":"closed","sticky":false,"template":"","format":"standard","meta":{"footnotes":""},"categories":[124,59,4,170,171],"tags":[25,22,155,178],"class_list":["post-355","post","type-post","status-publish","format-standard","hentry","category-didactique-pedagogie","category-eaf","category-lycee","category-sequences-et-seances","category-lycee-sequences-et-seances","tag-eaf","tag-lycee","tag-ressources","tag-yourcenar","item-wrap"],"_links":{"self":[{"href":"http:\/\/lettres.ac-besancon.fr\/index.php?rest_route=\/wp\/v2\/posts\/355","targetHints":{"allow":["GET"]}}],"collection":[{"href":"http:\/\/lettres.ac-besancon.fr\/index.php?rest_route=\/wp\/v2\/posts"}],"about":[{"href":"http:\/\/lettres.ac-besancon.fr\/index.php?rest_route=\/wp\/v2\/types\/post"}],"author":[{"embeddable":true,"href":"http:\/\/lettres.ac-besancon.fr\/index.php?rest_route=\/wp\/v2\/users\/187"}],"replies":[{"embeddable":true,"href":"http:\/\/lettres.ac-besancon.fr\/index.php?rest_route=%2Fwp%2Fv2%2Fcomments&post=355"}],"version-history":[{"count":4,"href":"http:\/\/lettres.ac-besancon.fr\/index.php?rest_route=\/wp\/v2\/posts\/355\/revisions"}],"predecessor-version":[{"id":788,"href":"http:\/\/lettres.ac-besancon.fr\/index.php?rest_route=\/wp\/v2\/posts\/355\/revisions\/788"}],"wp:attachment":[{"href":"http:\/\/lettres.ac-besancon.fr\/index.php?rest_route=%2Fwp%2Fv2%2Fmedia&parent=355"}],"wp:term":[{"taxonomy":"category","embeddable":true,"href":"http:\/\/lettres.ac-besancon.fr\/index.php?rest_route=%2Fwp%2Fv2%2Fcategories&post=355"},{"taxonomy":"post_tag","embeddable":true,"href":"http:\/\/lettres.ac-besancon.fr\/index.php?rest_route=%2Fwp%2Fv2%2Ftags&post=355"}],"curies":[{"name":"wp","href":"https:\/\/api.w.org\/{rel}","templated":true}]}}