{"id":286,"date":"2019-12-06T19:09:18","date_gmt":"2019-12-06T18:09:18","guid":{"rendered":"http:\/\/lettres.ac-besancon.fr\/?p=286"},"modified":"2022-10-31T12:27:07","modified_gmt":"2022-10-31T11:27:07","slug":"charles-baudelaire-les-fleurs-du-mal-parcours-alchimie-poetique-la-boue-et-lor","status":"publish","type":"post","link":"http:\/\/lettres.ac-besancon.fr\/?p=286","title":{"rendered":"Charles Baudelaire, Les Fleurs du mal. Parcours : Alchimie po\u00e9tique : la boue et l&rsquo;or"},"content":{"rendered":"<p><a href=\"http:\/\/lettres.ac-besancon.fr\/wp-content\/uploads\/sites\/53\/2019\/12\/ob_4013cc_baudelaire.jpg\"><img loading=\"lazy\" decoding=\"async\" class=\"alignleft wp-image-770\" src=\"http:\/\/lettres.ac-besancon.fr\/wp-content\/uploads\/sites\/53\/2019\/12\/ob_4013cc_baudelaire-234x300.jpg\" alt=\"\" width=\"138\" height=\"177\" srcset=\"http:\/\/lettres.ac-besancon.fr\/wp-content\/uploads\/sites\/53\/2019\/12\/ob_4013cc_baudelaire-234x300.jpg 234w, http:\/\/lettres.ac-besancon.fr\/wp-content\/uploads\/sites\/53\/2019\/12\/ob_4013cc_baudelaire.jpg 378w\" sizes=\"auto, (max-width: 138px) 100vw, 138px\" \/><\/a><\/p>\n<p>Charles Baudelaire, <em>Les Fleurs du mal<\/em>.<br \/>\n<strong>Parcours<\/strong> : Alchimie po\u00e9tique : la boue et l&rsquo;or<\/p>\n<p>&nbsp;<\/p>\n<p>Ressources t\u00e9l\u00e9chargeables propos\u00e9es par Anne Claude et Christine Devaux, enseignantes de Lettres de l&rsquo;Acad\u00e9mie de Besan\u00e7on.<\/p>\n<p><!--more--><\/p>\n<p><a href=\"http:\/\/lettres.ac-besancon.fr\/wp-content\/uploads\/sites\/53\/2019\/12\/Descriptif-simplifie-Baudelaire.docx\" target=\"_blank\" rel=\"noopener noreferrer\"><img loading=\"lazy\" decoding=\"async\" class=\"wp-image-246 size-full alignleft\" src=\"http:\/\/lettres.ac-besancon.fr\/wp-content\/uploads\/sites\/53\/2019\/11\/arrow-down.png\" alt=\"\" width=\"64\" height=\"64\"><\/a><br \/>\n<strong>Descriptif simplifi\u00e9.<\/strong><\/p>\n<p>&nbsp;<\/p>\n<p><a href=\"http:\/\/lettres.ac-besancon.fr\/wp-content\/uploads\/sites\/53\/2019\/12\/Descriptif-EAF-chapitre-1-Baudelaire.docx\" target=\"_blank\" rel=\"noopener noreferrer\"><img loading=\"lazy\" decoding=\"async\" class=\"wp-image-246 size-full alignleft\" src=\"http:\/\/lettres.ac-besancon.fr\/wp-content\/uploads\/sites\/53\/2019\/11\/arrow-down.png\" alt=\"\" width=\"64\" height=\"64\"><\/a><br \/>\n<strong>Descriptif pour l&rsquo;EAF<\/strong><\/p>\n<p>&nbsp;<\/p>\n<p><a href=\"http:\/\/lettres.ac-besancon.fr\/wp-content\/uploads\/sites\/53\/2019\/12\/Sommaire-Baudelaire-Anne-Claude-Christine-Devaux.docx\" target=\"_blank\" rel=\"noopener noreferrer\"><img loading=\"lazy\" decoding=\"async\" class=\"wp-image-246 size-full alignleft\" src=\"http:\/\/lettres.ac-besancon.fr\/wp-content\/uploads\/sites\/53\/2019\/11\/arrow-down.png\" alt=\"\" width=\"64\" height=\"64\"><\/a><br \/>\n<strong>Sommaire<\/strong><\/p>\n<p>&nbsp;<\/p>\n<p><a href=\"http:\/\/lettres.ac-besancon.fr\/wp-content\/uploads\/sites\/53\/2019\/12\/Seance-1-Table-des-poemes.doc\" target=\"_blank\" rel=\"noopener noreferrer\"><img loading=\"lazy\" decoding=\"async\" class=\"wp-image-246 size-full alignleft\" src=\"http:\/\/lettres.ac-besancon.fr\/wp-content\/uploads\/sites\/53\/2019\/11\/arrow-down.png\" alt=\"\" width=\"64\" height=\"64\"><\/a><br \/>\n<strong>S\u00e9ance 1: Table des po\u00e8mes<\/strong><\/p>\n<p>&nbsp;<\/p>\n<p><a href=\"http:\/\/lettres.ac-besancon.fr\/wp-content\/uploads\/sites\/53\/2019\/12\/Seance-2-Prolongement-artistique-et-culturel-4-tableaux-sur-lalchimie.docx\" target=\"_blank\" rel=\"noopener noreferrer\"><img loading=\"lazy\" decoding=\"async\" class=\"wp-image-246 size-full alignleft\" src=\"http:\/\/lettres.ac-besancon.fr\/wp-content\/uploads\/sites\/53\/2019\/11\/arrow-down.png\" alt=\"\" width=\"64\" height=\"64\"><\/a><br \/>\n<strong>S\u00e9ance 2: Prolongements artistiques et culturels<\/strong><br \/>\n(Tableaux sur l&rsquo;alchimie)<\/p>\n<p>&nbsp;<\/p>\n<p><a style=\"background-color: #ffffff\" href=\"http:\/\/lettres.ac-besancon.fr\/wp-content\/uploads\/sites\/53\/2019\/12\/Langue-Baudelaire-corpus-circonstancielles.docx\" target=\"_blank\" rel=\"noopener noreferrer\"><img loading=\"lazy\" decoding=\"async\" class=\"wp-image-246 size-full alignleft\" src=\"http:\/\/lettres.ac-besancon.fr\/wp-content\/uploads\/sites\/53\/2019\/11\/arrow-down.png\" alt=\"\" width=\"64\" height=\"64\"><\/a><br \/>\n<strong>Langue: corpus sur les propositions subordonn\u00e9es circonstancielles. <\/strong><\/p>\n","protected":false},"excerpt":{"rendered":"<p>Charles Baudelaire, Les Fleurs du mal. Parcours : Alchimie po\u00e9tique : la boue et l&rsquo;or &nbsp; Ressources t\u00e9l\u00e9chargeables propos\u00e9es par Anne Claude et Christine Devaux, enseignantes de Lettres de l&rsquo;Acad\u00e9mie de Besan\u00e7on.<\/p><p><a class=\"more-link btn\" href=\"http:\/\/lettres.ac-besancon.fr\/?p=286\">Lire la suite<\/a><\/p>\n","protected":false},"author":187,"featured_media":0,"comment_status":"closed","ping_status":"closed","sticky":false,"template":"","format":"standard","meta":{"footnotes":""},"categories":[59,4,170,171],"tags":[173,25,22,155],"class_list":["post-286","post","type-post","status-publish","format-standard","hentry","category-eaf","category-lycee","category-sequences-et-seances","category-lycee-sequences-et-seances","tag-baudelaire","tag-eaf","tag-lycee","tag-ressources","item-wrap"],"_links":{"self":[{"href":"http:\/\/lettres.ac-besancon.fr\/index.php?rest_route=\/wp\/v2\/posts\/286","targetHints":{"allow":["GET"]}}],"collection":[{"href":"http:\/\/lettres.ac-besancon.fr\/index.php?rest_route=\/wp\/v2\/posts"}],"about":[{"href":"http:\/\/lettres.ac-besancon.fr\/index.php?rest_route=\/wp\/v2\/types\/post"}],"author":[{"embeddable":true,"href":"http:\/\/lettres.ac-besancon.fr\/index.php?rest_route=\/wp\/v2\/users\/187"}],"replies":[{"embeddable":true,"href":"http:\/\/lettres.ac-besancon.fr\/index.php?rest_route=%2Fwp%2Fv2%2Fcomments&post=286"}],"version-history":[{"count":10,"href":"http:\/\/lettres.ac-besancon.fr\/index.php?rest_route=\/wp\/v2\/posts\/286\/revisions"}],"predecessor-version":[{"id":771,"href":"http:\/\/lettres.ac-besancon.fr\/index.php?rest_route=\/wp\/v2\/posts\/286\/revisions\/771"}],"wp:attachment":[{"href":"http:\/\/lettres.ac-besancon.fr\/index.php?rest_route=%2Fwp%2Fv2%2Fmedia&parent=286"}],"wp:term":[{"taxonomy":"category","embeddable":true,"href":"http:\/\/lettres.ac-besancon.fr\/index.php?rest_route=%2Fwp%2Fv2%2Fcategories&post=286"},{"taxonomy":"post_tag","embeddable":true,"href":"http:\/\/lettres.ac-besancon.fr\/index.php?rest_route=%2Fwp%2Fv2%2Ftags&post=286"}],"curies":[{"name":"wp","href":"https:\/\/api.w.org\/{rel}","templated":true}]}}