{"id":214,"date":"2019-07-07T22:49:56","date_gmt":"2019-07-07T20:49:56","guid":{"rendered":"http:\/\/lettres.ac-besancon.fr\/?p=214"},"modified":"2022-10-31T11:23:19","modified_gmt":"2022-10-31T10:23:19","slug":"sequence-seconde-les-evolutions-de-la-poesie-amoureuse","status":"publish","type":"post","link":"http:\/\/lettres.ac-besancon.fr\/?p=214","title":{"rendered":"S\u00e9quences de seconde: proposition d&rsquo;\u00e9quipes p\u00e9dagogiques de lyc\u00e9es de l&rsquo;acad\u00e9mie"},"content":{"rendered":"<p><a href=\"http:\/\/lettres.ac-besancon.fr\/wp-content\/uploads\/sites\/53\/2019\/07\/teamwork-g2aafcb994_640.jpg\"><img loading=\"lazy\" decoding=\"async\" class=\"alignleft  wp-image-751\" src=\"http:\/\/lettres.ac-besancon.fr\/wp-content\/uploads\/sites\/53\/2019\/07\/teamwork-g2aafcb994_640-300x158.jpg\" alt=\"\" width=\"165\" height=\"87\" srcset=\"http:\/\/lettres.ac-besancon.fr\/wp-content\/uploads\/sites\/53\/2019\/07\/teamwork-g2aafcb994_640-300x158.jpg 300w, http:\/\/lettres.ac-besancon.fr\/wp-content\/uploads\/sites\/53\/2019\/07\/teamwork-g2aafcb994_640.jpg 640w\" sizes=\"auto, (max-width: 165px) 100vw, 165px\" \/><\/a><\/p>\n<p>Vous trouverez dans cet article des propositions de s\u00e9quences pour le niveau seconde. Ces s\u00e9quences t\u00e9l\u00e9chargeables ont \u00e9t\u00e9 \u00e9labor\u00e9es par des \u00e9quipes p\u00e9dagogiques de lyc\u00e9es de l&rsquo;acad\u00e9mie.<\/p>\n<p><!--more--><\/p>\n<ul>\n<li>Les \u00e9volutions de la po\u00e9sie amoureuse<a href=\"http:\/\/lettres.ac-besancon.fr\/wp-content\/uploads\/sites\/53\/2019\/07\/S-2-Cournot.pdf\"> (Proposition du lyc\u00e9e Cournot de Gray)<\/a><\/li>\n<li>Comment la po\u00e9sie du XVIe si\u00e8cle propose-t-elle un questionnement nouveau sur le monde ? (<a href=\"http:\/\/lettres.ac-besancon.fr\/wp-content\/uploads\/sites\/53\/2019\/07\/S-2-Colomb-Lure.pdf\">Proposition du lyc\u00e9e Colomb de Lure)<\/a><\/li>\n<li>Le corps de la femme en po\u00e9sie du XVIe au XVIIe (<a href=\"http:\/\/lettres.ac-besancon.fr\/wp-content\/uploads\/sites\/53\/2019\/07\/Aragon-H\u00e9ricourt.pdf\">Proposition du lyc\u00e9e Aragon d&rsquo;H\u00e9ricourt<\/a>)<\/li>\n<\/ul>\n<p>&nbsp;<\/p>\n<p>&nbsp;<\/p>\n","protected":false},"excerpt":{"rendered":"<p>Vous trouverez dans cet article des propositions de s\u00e9quences pour le niveau seconde. Ces s\u00e9quences t\u00e9l\u00e9chargeables ont \u00e9t\u00e9 \u00e9labor\u00e9es par des \u00e9quipes p\u00e9dagogiques de lyc\u00e9es de l&rsquo;acad\u00e9mie.<\/p><p><a class=\"more-link btn\" href=\"http:\/\/lettres.ac-besancon.fr\/?p=214\">Lire la suite<\/a><\/p>\n","protected":false},"author":187,"featured_media":0,"comment_status":"closed","ping_status":"closed","sticky":false,"template":"","format":"standard","meta":{"footnotes":""},"categories":[124,134,137,14],"tags":[159,22,155,23,165],"class_list":["post-214","post","type-post","status-publish","format-standard","hentry","category-didactique-pedagogie","category-lycee-ecriture","category-lycee-lecture","category-seconde","tag-groupe-de-travail","tag-lycee","tag-ressources","tag-seconde","tag-sequences","item-wrap"],"_links":{"self":[{"href":"http:\/\/lettres.ac-besancon.fr\/index.php?rest_route=\/wp\/v2\/posts\/214","targetHints":{"allow":["GET"]}}],"collection":[{"href":"http:\/\/lettres.ac-besancon.fr\/index.php?rest_route=\/wp\/v2\/posts"}],"about":[{"href":"http:\/\/lettres.ac-besancon.fr\/index.php?rest_route=\/wp\/v2\/types\/post"}],"author":[{"embeddable":true,"href":"http:\/\/lettres.ac-besancon.fr\/index.php?rest_route=\/wp\/v2\/users\/187"}],"replies":[{"embeddable":true,"href":"http:\/\/lettres.ac-besancon.fr\/index.php?rest_route=%2Fwp%2Fv2%2Fcomments&post=214"}],"version-history":[{"count":4,"href":"http:\/\/lettres.ac-besancon.fr\/index.php?rest_route=\/wp\/v2\/posts\/214\/revisions"}],"predecessor-version":[{"id":752,"href":"http:\/\/lettres.ac-besancon.fr\/index.php?rest_route=\/wp\/v2\/posts\/214\/revisions\/752"}],"wp:attachment":[{"href":"http:\/\/lettres.ac-besancon.fr\/index.php?rest_route=%2Fwp%2Fv2%2Fmedia&parent=214"}],"wp:term":[{"taxonomy":"category","embeddable":true,"href":"http:\/\/lettres.ac-besancon.fr\/index.php?rest_route=%2Fwp%2Fv2%2Fcategories&post=214"},{"taxonomy":"post_tag","embeddable":true,"href":"http:\/\/lettres.ac-besancon.fr\/index.php?rest_route=%2Fwp%2Fv2%2Ftags&post=214"}],"curies":[{"name":"wp","href":"https:\/\/api.w.org\/{rel}","templated":true}]}}