{"id":1432,"date":"2026-09-03T18:01:52","date_gmt":"2026-09-03T16:01:52","guid":{"rendered":"http:\/\/lettres.ac-besancon.fr\/?p=1432"},"modified":"2026-09-03T18:03:10","modified_gmt":"2026-09-03T16:03:10","slug":"sequence-simone-schwarz-bart-pluie-et-vent-sur-telumee-miracle-1972","status":"publish","type":"post","link":"http:\/\/lettres.ac-besancon.fr\/?p=1432","title":{"rendered":"S\u00e9quence: Simone Schwarz-Bart, Pluie et vent sur T\u00e9lum\u00e9e Miracle, 1972"},"content":{"rendered":"<p><a href=\"http:\/\/lettres.ac-besancon.fr\/wp-content\/uploads\/sites\/53\/2026\/09\/pluie_et_vent_sur_telumee_miracle-774938-264-432.jpg\"><img loading=\"lazy\" decoding=\"async\" class=\"alignleft wp-image-1434\" src=\"http:\/\/lettres.ac-besancon.fr\/wp-content\/uploads\/sites\/53\/2026\/09\/pluie_et_vent_sur_telumee_miracle-774938-264-432-181x300.jpg\" alt=\"\" width=\"144\" height=\"239\" srcset=\"http:\/\/lettres.ac-besancon.fr\/wp-content\/uploads\/sites\/53\/2026\/09\/pluie_et_vent_sur_telumee_miracle-774938-264-432-181x300.jpg 181w, http:\/\/lettres.ac-besancon.fr\/wp-content\/uploads\/sites\/53\/2026\/09\/pluie_et_vent_sur_telumee_miracle-774938-264-432.jpg 260w\" sizes=\"auto, (max-width: 144px) 100vw, 144px\" \/><\/a>Vous trouverez dans cet article une proposition de s\u00e9quence sur l&rsquo;oeuvre de Simone Schwarz-Bart, Pluie et vent sur T\u00e9lum\u00e9e Miracle (1972), entrant dans le parcours \u00ab\u00a0Tisser les m\u00e9moires, habiter le monde\u00a0\u00bb.<\/p>\n<p><!--more--><\/p>\n<p><a href=\"http:\/\/lettres.ac-besancon.fr\/wp-content\/uploads\/sites\/53\/2023\/10\/arrow-down.png\"><img loading=\"lazy\" decoding=\"async\" class=\"alignleft wp-image-1133\" src=\"http:\/\/lettres.ac-besancon.fr\/wp-content\/uploads\/sites\/53\/2023\/10\/arrow-down.png\" alt=\"\" width=\"36\" height=\"36\" \/><\/a><a href=\"http:\/\/lettres.ac-besancon.fr\/wp-content\/uploads\/sites\/53\/2026\/09\/27_cours_pampvstm.pdf\">T\u00e9l\u00e9charger la s\u00e9quence<\/a><\/p>\n","protected":false},"excerpt":{"rendered":"<p>Vous trouverez dans cet article une proposition de s\u00e9quence sur l&rsquo;oeuvre de Simone Schwarz-Bart, Pluie et vent sur T\u00e9lum\u00e9e Miracle (1972), entrant dans le parcours \u00ab\u00a0Tisser les m\u00e9moires, habiter le monde\u00a0\u00bb.<\/p><p><a class=\"more-link btn\" href=\"http:\/\/lettres.ac-besancon.fr\/?p=1432\">Lire la suite<\/a><\/p>\n","protected":false},"author":187,"featured_media":0,"comment_status":"closed","ping_status":"closed","sticky":false,"template":"","format":"standard","meta":{"footnotes":""},"categories":[4,169],"tags":[],"class_list":["post-1432","post","type-post","status-publish","format-standard","hentry","category-lycee","category-premiere","item-wrap"],"_links":{"self":[{"href":"http:\/\/lettres.ac-besancon.fr\/index.php?rest_route=\/wp\/v2\/posts\/1432","targetHints":{"allow":["GET"]}}],"collection":[{"href":"http:\/\/lettres.ac-besancon.fr\/index.php?rest_route=\/wp\/v2\/posts"}],"about":[{"href":"http:\/\/lettres.ac-besancon.fr\/index.php?rest_route=\/wp\/v2\/types\/post"}],"author":[{"embeddable":true,"href":"http:\/\/lettres.ac-besancon.fr\/index.php?rest_route=\/wp\/v2\/users\/187"}],"replies":[{"embeddable":true,"href":"http:\/\/lettres.ac-besancon.fr\/index.php?rest_route=%2Fwp%2Fv2%2Fcomments&post=1432"}],"version-history":[{"count":4,"href":"http:\/\/lettres.ac-besancon.fr\/index.php?rest_route=\/wp\/v2\/posts\/1432\/revisions"}],"predecessor-version":[{"id":1437,"href":"http:\/\/lettres.ac-besancon.fr\/index.php?rest_route=\/wp\/v2\/posts\/1432\/revisions\/1437"}],"wp:attachment":[{"href":"http:\/\/lettres.ac-besancon.fr\/index.php?rest_route=%2Fwp%2Fv2%2Fmedia&parent=1432"}],"wp:term":[{"taxonomy":"category","embeddable":true,"href":"http:\/\/lettres.ac-besancon.fr\/index.php?rest_route=%2Fwp%2Fv2%2Fcategories&post=1432"},{"taxonomy":"post_tag","embeddable":true,"href":"http:\/\/lettres.ac-besancon.fr\/index.php?rest_route=%2Fwp%2Fv2%2Ftags&post=1432"}],"curies":[{"name":"wp","href":"https:\/\/api.w.org\/{rel}","templated":true}]}}