{"id":1428,"date":"2026-09-03T17:57:13","date_gmt":"2026-09-03T15:57:13","guid":{"rendered":"http:\/\/lettres.ac-besancon.fr\/?p=1428"},"modified":"2026-09-03T17:57:13","modified_gmt":"2026-09-03T15:57:13","slug":"etudier-le-chevalier-de-la-charrette-de-chretien-de-troyes-en-classe-de-premiere","status":"publish","type":"post","link":"http:\/\/lettres.ac-besancon.fr\/?p=1428","title":{"rendered":"\u00c9tudier Le Chevalier de la charrette de Chr\u00e9tien de Troyes en classe de Premi\u00e8re"},"content":{"rendered":"<p><a href=\"http:\/\/lettres.ac-besancon.fr\/wp-content\/uploads\/sites\/53\/2026\/09\/standard_compressed_Chretien_de_Troyes.jpg\"><img loading=\"lazy\" decoding=\"async\" class=\"alignleft  wp-image-1429\" src=\"http:\/\/lettres.ac-besancon.fr\/wp-content\/uploads\/sites\/53\/2026\/09\/standard_compressed_Chretien_de_Troyes-232x300.jpg\" alt=\"\" width=\"162\" height=\"209\" srcset=\"http:\/\/lettres.ac-besancon.fr\/wp-content\/uploads\/sites\/53\/2026\/09\/standard_compressed_Chretien_de_Troyes-232x300.jpg 232w, http:\/\/lettres.ac-besancon.fr\/wp-content\/uploads\/sites\/53\/2026\/09\/standard_compressed_Chretien_de_Troyes.jpg 527w\" sizes=\"auto, (max-width: 162px) 100vw, 162px\" \/><\/a>\u00c9tudier <em>Le Chevalier de la charrette<\/em> de Chr\u00e9tien de Troyes en classe de Premi\u00e8re peut sembler une entreprise difficile \u00e0 mener en raison des r\u00e9serves qui portent sur la litt\u00e9rature m\u00e9di\u00e9vale, quasiment jamais \u00e9tudi\u00e9e dans le secondaire, si ce n\u2019est au coll\u00e8ge o\u00f9 il pourrait l\u2019\u00eatre davantage \u2014 il l\u2019\u00e9tait du moins dans l\u2019ancien programme de Fran\u00e7ais \u2014, et, potentiellement, en classe de Seconde dans l\u2019axe \u00ab la po\u00e9sie du Moyen \u00c2ge au XVIIIe si\u00e8cle \u00bb. Vous trouverez dans cet article une proposition d&rsquo;exploitation en classe de Premi\u00e8re, \u00e9labor\u00e9e par Fran\u00e7oise Laurent, professeure de litt\u00e9rature m\u00e9di\u00e9vale.<\/p>\n<p><!--more--><\/p>\n<p><a href=\"http:\/\/lettres.ac-besancon.fr\/wp-content\/uploads\/sites\/53\/2023\/10\/arrow-down.png\"><img loading=\"lazy\" decoding=\"async\" class=\"alignleft  wp-image-1133\" src=\"http:\/\/lettres.ac-besancon.fr\/wp-content\/uploads\/sites\/53\/2023\/10\/arrow-down.png\" alt=\"\" width=\"30\" height=\"30\" \/><\/a><a href=\"http:\/\/lettres.ac-besancon.fr\/wp-content\/uploads\/sites\/53\/2026\/09\/Etudier-Le-Chevalier-de-la-charrette-de-Chretien-de-Troyes-en-classe-de-premiere.pdf\" target=\"_blank\" rel=\"noopener\">T\u00e9l\u00e9charger l&rsquo;article.<\/a><\/p>\n","protected":false},"excerpt":{"rendered":"<p>\u00c9tudier Le Chevalier de la charrette de Chr\u00e9tien de Troyes en classe de Premi\u00e8re peut sembler une entreprise difficile \u00e0 mener en raison des r\u00e9serves qui portent sur la litt\u00e9rature m\u00e9di\u00e9vale, quasiment jamais \u00e9tudi\u00e9e dans le secondaire, si ce n\u2019est au coll\u00e8ge o\u00f9 il pourrait l\u2019\u00eatre davantage \u2014 il l\u2019\u00e9tait du moins dans l\u2019ancien programme &hellip; <\/p>\n<p><a class=\"more-link btn\" href=\"http:\/\/lettres.ac-besancon.fr\/?p=1428\">Lire la suite<\/a><\/p>\n","protected":false},"author":187,"featured_media":0,"comment_status":"closed","ping_status":"closed","sticky":false,"template":"","format":"standard","meta":{"footnotes":""},"categories":[4,169],"tags":[],"class_list":["post-1428","post","type-post","status-publish","format-standard","hentry","category-lycee","category-premiere","item-wrap"],"_links":{"self":[{"href":"http:\/\/lettres.ac-besancon.fr\/index.php?rest_route=\/wp\/v2\/posts\/1428","targetHints":{"allow":["GET"]}}],"collection":[{"href":"http:\/\/lettres.ac-besancon.fr\/index.php?rest_route=\/wp\/v2\/posts"}],"about":[{"href":"http:\/\/lettres.ac-besancon.fr\/index.php?rest_route=\/wp\/v2\/types\/post"}],"author":[{"embeddable":true,"href":"http:\/\/lettres.ac-besancon.fr\/index.php?rest_route=\/wp\/v2\/users\/187"}],"replies":[{"embeddable":true,"href":"http:\/\/lettres.ac-besancon.fr\/index.php?rest_route=%2Fwp%2Fv2%2Fcomments&post=1428"}],"version-history":[{"count":2,"href":"http:\/\/lettres.ac-besancon.fr\/index.php?rest_route=\/wp\/v2\/posts\/1428\/revisions"}],"predecessor-version":[{"id":1431,"href":"http:\/\/lettres.ac-besancon.fr\/index.php?rest_route=\/wp\/v2\/posts\/1428\/revisions\/1431"}],"wp:attachment":[{"href":"http:\/\/lettres.ac-besancon.fr\/index.php?rest_route=%2Fwp%2Fv2%2Fmedia&parent=1428"}],"wp:term":[{"taxonomy":"category","embeddable":true,"href":"http:\/\/lettres.ac-besancon.fr\/index.php?rest_route=%2Fwp%2Fv2%2Fcategories&post=1428"},{"taxonomy":"post_tag","embeddable":true,"href":"http:\/\/lettres.ac-besancon.fr\/index.php?rest_route=%2Fwp%2Fv2%2Ftags&post=1428"}],"curies":[{"name":"wp","href":"https:\/\/api.w.org\/{rel}","templated":true}]}}