{"id":142,"date":"2016-09-08T21:52:33","date_gmt":"2016-09-08T19:52:33","guid":{"rendered":"http:\/\/lettres.ac-besancon.fr\/?p=142"},"modified":"2022-10-31T11:03:47","modified_gmt":"2022-10-31T10:03:47","slug":"prix-et-concours-litteraires","status":"publish","type":"post","link":"http:\/\/lettres.ac-besancon.fr\/?p=142","title":{"rendered":"Prix et concours litt\u00e9raires"},"content":{"rendered":"<p><a href=\"http:\/\/lettres.ac-besancon.fr\/wp-content\/uploads\/sites\/53\/2016\/09\/laurel-wreath-g6d8d70026_640.png\"><img loading=\"lazy\" decoding=\"async\" class=\"alignleft  wp-image-744\" src=\"http:\/\/lettres.ac-besancon.fr\/wp-content\/uploads\/sites\/53\/2016\/09\/laurel-wreath-g6d8d70026_640-300x293.png\" alt=\"\" width=\"84\" height=\"82\" srcset=\"http:\/\/lettres.ac-besancon.fr\/wp-content\/uploads\/sites\/53\/2016\/09\/laurel-wreath-g6d8d70026_640-300x293.png 300w, http:\/\/lettres.ac-besancon.fr\/wp-content\/uploads\/sites\/53\/2016\/09\/laurel-wreath-g6d8d70026_640.png 640w\" sizes=\"auto, (max-width: 84px) 100vw, 84px\" \/><\/a><\/p>\n<p>Retrouvez <a href=\"http:\/\/lettres.ac-besancon.fr\/wp-content\/uploads\/sites\/53\/2016\/08\/Prix-concours-et-salons-litt%C3%A9raires-v2.docx\">ici une liste exhaustive des prix, concours et salons litt\u00e9raires<\/a> pouvant se voir investis par les professeurs et leurs \u00e9l\u00e8ves. Vous y trouverez les informations n\u00e9cessaires et les p\u00e9riodes habituelles d&rsquo;inscription.&nbsp;<\/p>\n","protected":false},"excerpt":{"rendered":"<p>Retrouvez ici une liste exhaustive des prix, concours et salons litt\u00e9raires pouvant se voir investis par les professeurs et leurs \u00e9l\u00e8ves. Vous y trouverez les informations n\u00e9cessaires et les p\u00e9riodes habituelles d&rsquo;inscription.&nbsp;<\/p>\n","protected":false},"author":195,"featured_media":0,"comment_status":"closed","ping_status":"closed","sticky":false,"template":"","format":"standard","meta":{"footnotes":""},"categories":[3,139,4,108],"tags":[41,160,40,161],"class_list":["post-142","post","type-post","status-publish","format-standard","hentry","category-college","category-domaine-des-arts","category-lycee","category-preac-education-artistique-et-culturelle","tag-concours","tag-concours-litteraires","tag-prix","tag-prix-litteraires","item-wrap"],"_links":{"self":[{"href":"http:\/\/lettres.ac-besancon.fr\/index.php?rest_route=\/wp\/v2\/posts\/142","targetHints":{"allow":["GET"]}}],"collection":[{"href":"http:\/\/lettres.ac-besancon.fr\/index.php?rest_route=\/wp\/v2\/posts"}],"about":[{"href":"http:\/\/lettres.ac-besancon.fr\/index.php?rest_route=\/wp\/v2\/types\/post"}],"author":[{"embeddable":true,"href":"http:\/\/lettres.ac-besancon.fr\/index.php?rest_route=\/wp\/v2\/users\/195"}],"replies":[{"embeddable":true,"href":"http:\/\/lettres.ac-besancon.fr\/index.php?rest_route=%2Fwp%2Fv2%2Fcomments&post=142"}],"version-history":[{"count":3,"href":"http:\/\/lettres.ac-besancon.fr\/index.php?rest_route=\/wp\/v2\/posts\/142\/revisions"}],"predecessor-version":[{"id":746,"href":"http:\/\/lettres.ac-besancon.fr\/index.php?rest_route=\/wp\/v2\/posts\/142\/revisions\/746"}],"wp:attachment":[{"href":"http:\/\/lettres.ac-besancon.fr\/index.php?rest_route=%2Fwp%2Fv2%2Fmedia&parent=142"}],"wp:term":[{"taxonomy":"category","embeddable":true,"href":"http:\/\/lettres.ac-besancon.fr\/index.php?rest_route=%2Fwp%2Fv2%2Fcategories&post=142"},{"taxonomy":"post_tag","embeddable":true,"href":"http:\/\/lettres.ac-besancon.fr\/index.php?rest_route=%2Fwp%2Fv2%2Ftags&post=142"}],"curies":[{"name":"wp","href":"https:\/\/api.w.org\/{rel}","templated":true}]}}