{"id":1415,"date":"2026-05-01T10:39:21","date_gmt":"2026-05-01T08:39:21","guid":{"rendered":"http:\/\/lettres.ac-besancon.fr\/?p=1415"},"modified":"2026-05-01T10:39:21","modified_gmt":"2026-05-01T08:39:21","slug":"edu-revue-mars-2026-le-francais-mode-demploi-dune-discipline-scolaire","status":"publish","type":"post","link":"http:\/\/lettres.ac-besancon.fr\/?p=1415","title":{"rendered":"Edu-Revue mars 2026 : le fran\u00e7ais, mode d&#8217;emploi d&rsquo;une discipline scolaire"},"content":{"rendered":"<p><a href=\"http:\/\/lettres.ac-besancon.fr\/wp-content\/uploads\/sites\/53\/2023\/06\/folder-626334_640.jpg\"><img loading=\"lazy\" decoding=\"async\" class=\"alignleft  wp-image-1023\" src=\"http:\/\/lettres.ac-besancon.fr\/wp-content\/uploads\/sites\/53\/2023\/06\/folder-626334_640-300x225.jpg\" alt=\"\" width=\"259\" height=\"194\" srcset=\"http:\/\/lettres.ac-besancon.fr\/wp-content\/uploads\/sites\/53\/2023\/06\/folder-626334_640-300x225.jpg 300w, http:\/\/lettres.ac-besancon.fr\/wp-content\/uploads\/sites\/53\/2023\/06\/folder-626334_640.jpg 640w\" sizes=\"auto, (max-width: 259px) 100vw, 259px\" \/><\/a>Le fran\u00e7ais comme discipline scolaire\u00a0fait l\u2019objet d\u2019un panorama de l\u2019If\u00e9, qui en interroge l\u2019unit\u00e9, la diversit\u00e9 et les tensions qui traversent son enseignement. Ce dossier vise \u00e0 mieux comprendre les logiques, pass\u00e9es et pr\u00e9sentes, qui structurent notre discipline. Il souligne notamment le r\u00f4le central du rapport \u00e0 l\u2019\u00e9crit dans la forme scolaire contemporaine ainsi que le r\u00f4le privil\u00e9gi\u00e9 de son enseignement dans la mise en relation des \u00e9l\u00e8ves avec les productions culturelles, en particulier les \u0153uvres litt\u00e9raires.<\/p>\n<p><!--more--><\/p>\n<p><a href=\"http:\/\/lettres.ac-besancon.fr\/wp-content\/uploads\/sites\/53\/2026\/05\/ER-156-mars-2026.pdf\">Ressource \u00e0 t\u00e9l\u00e9charger ici.<\/a><\/p>\n","protected":false},"excerpt":{"rendered":"<p>Le fran\u00e7ais comme discipline scolaire\u00a0fait l\u2019objet d\u2019un panorama de l\u2019If\u00e9, qui en interroge l\u2019unit\u00e9, la diversit\u00e9 et les tensions qui traversent son enseignement. Ce dossier vise \u00e0 mieux comprendre les logiques, pass\u00e9es et pr\u00e9sentes, qui structurent notre discipline. Il souligne notamment le r\u00f4le central du rapport \u00e0 l\u2019\u00e9crit dans la forme scolaire contemporaine ainsi que &hellip; <\/p>\n<p><a class=\"more-link btn\" href=\"http:\/\/lettres.ac-besancon.fr\/?p=1415\">Lire la suite<\/a><\/p>\n","protected":false},"author":187,"featured_media":1023,"comment_status":"closed","ping_status":"closed","sticky":false,"template":"","format":"standard","meta":{"footnotes":""},"categories":[124],"tags":[95],"class_list":["post-1415","post","type-post","status-publish","format-standard","has-post-thumbnail","hentry","category-didactique-pedagogie","tag-ressource","item-wrap"],"_links":{"self":[{"href":"http:\/\/lettres.ac-besancon.fr\/index.php?rest_route=\/wp\/v2\/posts\/1415","targetHints":{"allow":["GET"]}}],"collection":[{"href":"http:\/\/lettres.ac-besancon.fr\/index.php?rest_route=\/wp\/v2\/posts"}],"about":[{"href":"http:\/\/lettres.ac-besancon.fr\/index.php?rest_route=\/wp\/v2\/types\/post"}],"author":[{"embeddable":true,"href":"http:\/\/lettres.ac-besancon.fr\/index.php?rest_route=\/wp\/v2\/users\/187"}],"replies":[{"embeddable":true,"href":"http:\/\/lettres.ac-besancon.fr\/index.php?rest_route=%2Fwp%2Fv2%2Fcomments&post=1415"}],"version-history":[{"count":1,"href":"http:\/\/lettres.ac-besancon.fr\/index.php?rest_route=\/wp\/v2\/posts\/1415\/revisions"}],"predecessor-version":[{"id":1417,"href":"http:\/\/lettres.ac-besancon.fr\/index.php?rest_route=\/wp\/v2\/posts\/1415\/revisions\/1417"}],"wp:featuredmedia":[{"embeddable":true,"href":"http:\/\/lettres.ac-besancon.fr\/index.php?rest_route=\/wp\/v2\/media\/1023"}],"wp:attachment":[{"href":"http:\/\/lettres.ac-besancon.fr\/index.php?rest_route=%2Fwp%2Fv2%2Fmedia&parent=1415"}],"wp:term":[{"taxonomy":"category","embeddable":true,"href":"http:\/\/lettres.ac-besancon.fr\/index.php?rest_route=%2Fwp%2Fv2%2Fcategories&post=1415"},{"taxonomy":"post_tag","embeddable":true,"href":"http:\/\/lettres.ac-besancon.fr\/index.php?rest_route=%2Fwp%2Fv2%2Ftags&post=1415"}],"curies":[{"name":"wp","href":"https:\/\/api.w.org\/{rel}","templated":true}]}}