{"id":1198,"date":"2023-12-05T22:01:41","date_gmt":"2023-12-05T21:01:41","guid":{"rendered":"http:\/\/lettres.ac-besancon.fr\/?p=1198"},"modified":"2023-12-05T22:02:41","modified_gmt":"2023-12-05T21:02:41","slug":"1198","status":"publish","type":"post","link":"http:\/\/lettres.ac-besancon.fr\/?p=1198","title":{"rendered":"Journ\u00e9es \u00ab\u00a0les Humanit\u00e9s dans le texte\u00a0\u00bb (6 et 7 d\u00e9cembre)"},"content":{"rendered":"<p><a href=\"http:\/\/lettres.ac-besancon.fr\/wp-content\/uploads\/sites\/53\/2023\/12\/socrate-2.jpg\"><img loading=\"lazy\" decoding=\"async\" class=\"alignleft wp-image-1200\" src=\"http:\/\/lettres.ac-besancon.fr\/wp-content\/uploads\/sites\/53\/2023\/12\/socrate-2-300x192.jpg\" alt=\"\" width=\"124\" height=\"79\" srcset=\"http:\/\/lettres.ac-besancon.fr\/wp-content\/uploads\/sites\/53\/2023\/12\/socrate-2-300x192.jpg 300w, http:\/\/lettres.ac-besancon.fr\/wp-content\/uploads\/sites\/53\/2023\/12\/socrate-2-1024x657.jpg 1024w, http:\/\/lettres.ac-besancon.fr\/wp-content\/uploads\/sites\/53\/2023\/12\/socrate-2-768x492.jpg 768w, http:\/\/lettres.ac-besancon.fr\/wp-content\/uploads\/sites\/53\/2023\/12\/socrate-2-1536x985.jpg 1536w, http:\/\/lettres.ac-besancon.fr\/wp-content\/uploads\/sites\/53\/2023\/12\/socrate-2-750x481.jpg 750w, http:\/\/lettres.ac-besancon.fr\/wp-content\/uploads\/sites\/53\/2023\/12\/socrate-2.jpg 1722w\" sizes=\"auto, (max-width: 124px) 100vw, 124px\" \/><\/a>Dans le cadre du projet \u00ab\u00a0les Humanit\u00e9s dans le texte\u00a0\u00bb, deux journ\u00e9es, <strong>mercredi 6 et jeudi 7 d\u00e9cembre<\/strong>, sont organis\u00e9es avec l&rsquo;implication de la CNARELA. Elles auront lieu \u00e0 l\u2019ENS-Ulm.<\/p>\n<p><!--more--><\/p>\n<p>&nbsp;<\/p>\n<p>Les coll\u00e8gues int\u00e9ress\u00e9s peuvent suivre les journ\u00e9es en se connectant sur<a href=\"https:\/\/www.ens.psl.eu\/agenda\/les-humanites-dans-le-texte\/2023-12-06t080000\"> ce lien.<\/a><\/p>\n<p><a href=\"https:\/\/www.ens.psl.eu\/agenda\/les-humanites-dans-le-texte\/2023-12-06t080000\u00a0\"><img loading=\"lazy\" decoding=\"async\" class=\"aligncenter wp-image-1199 size-full\" src=\"http:\/\/lettres.ac-besancon.fr\/wp-content\/uploads\/sites\/53\/2023\/12\/computer.png\" alt=\"\" width=\"64\" height=\"64\" \/><\/a><br \/>\nPour plus d\u2019informations, vous pouvez \u00e9galement consulter le lien suivant : <a href=\"https:\/\/www.translitterae.psl.eu\/humanites-dans-le-texte\/\">https:\/\/www.translitterae.psl.eu\/humanites-dans-le-texte\/<\/a><\/p>\n","protected":false},"excerpt":{"rendered":"<p>Dans le cadre du projet \u00ab\u00a0les Humanit\u00e9s dans le texte\u00a0\u00bb, deux journ\u00e9es, mercredi 6 et jeudi 7 d\u00e9cembre, sont organis\u00e9es avec l&rsquo;implication de la CNARELA. Elles auront lieu \u00e0 l\u2019ENS-Ulm.<\/p><p><a class=\"more-link btn\" href=\"http:\/\/lettres.ac-besancon.fr\/?p=1198\">Lire la suite<\/a><\/p>\n","protected":false},"author":187,"featured_media":0,"comment_status":"closed","ping_status":"closed","sticky":false,"template":"","format":"standard","meta":{"footnotes":""},"categories":[106,55,101,4],"tags":[98,191],"class_list":["post-1198","post","type-post","status-publish","format-standard","hentry","category-praf","category-humanites-litterature-et-philosophie","category-inspection","category-lycee","tag-humanites","tag-lca","item-wrap"],"_links":{"self":[{"href":"http:\/\/lettres.ac-besancon.fr\/index.php?rest_route=\/wp\/v2\/posts\/1198","targetHints":{"allow":["GET"]}}],"collection":[{"href":"http:\/\/lettres.ac-besancon.fr\/index.php?rest_route=\/wp\/v2\/posts"}],"about":[{"href":"http:\/\/lettres.ac-besancon.fr\/index.php?rest_route=\/wp\/v2\/types\/post"}],"author":[{"embeddable":true,"href":"http:\/\/lettres.ac-besancon.fr\/index.php?rest_route=\/wp\/v2\/users\/187"}],"replies":[{"embeddable":true,"href":"http:\/\/lettres.ac-besancon.fr\/index.php?rest_route=%2Fwp%2Fv2%2Fcomments&post=1198"}],"version-history":[{"count":4,"href":"http:\/\/lettres.ac-besancon.fr\/index.php?rest_route=\/wp\/v2\/posts\/1198\/revisions"}],"predecessor-version":[{"id":1204,"href":"http:\/\/lettres.ac-besancon.fr\/index.php?rest_route=\/wp\/v2\/posts\/1198\/revisions\/1204"}],"wp:attachment":[{"href":"http:\/\/lettres.ac-besancon.fr\/index.php?rest_route=%2Fwp%2Fv2%2Fmedia&parent=1198"}],"wp:term":[{"taxonomy":"category","embeddable":true,"href":"http:\/\/lettres.ac-besancon.fr\/index.php?rest_route=%2Fwp%2Fv2%2Fcategories&post=1198"},{"taxonomy":"post_tag","embeddable":true,"href":"http:\/\/lettres.ac-besancon.fr\/index.php?rest_route=%2Fwp%2Fv2%2Ftags&post=1198"}],"curies":[{"name":"wp","href":"https:\/\/api.w.org\/{rel}","templated":true}]}}