{"id":1189,"date":"2023-11-18T15:56:40","date_gmt":"2023-11-18T14:56:40","guid":{"rendered":"http:\/\/lettres.ac-besancon.fr\/?p=1189"},"modified":"2023-11-18T15:56:58","modified_gmt":"2023-11-18T14:56:58","slug":"formations-lettres-2023-2024","status":"publish","type":"post","link":"http:\/\/lettres.ac-besancon.fr\/?p=1189","title":{"rendered":"Formations Lettres 2023-2024"},"content":{"rendered":"<p><a href=\"http:\/\/lettres.ac-besancon.fr\/wp-content\/uploads\/sites\/53\/2023\/11\/eafc-lancement-16346.png\"><img loading=\"lazy\" decoding=\"async\" class=\"alignleft wp-image-1193\" src=\"http:\/\/lettres.ac-besancon.fr\/wp-content\/uploads\/sites\/53\/2023\/11\/eafc-lancement-16346-300x163.png\" alt=\"\" width=\"204\" height=\"111\" srcset=\"http:\/\/lettres.ac-besancon.fr\/wp-content\/uploads\/sites\/53\/2023\/11\/eafc-lancement-16346-300x163.png 300w, http:\/\/lettres.ac-besancon.fr\/wp-content\/uploads\/sites\/53\/2023\/11\/eafc-lancement-16346-1024x558.png 1024w, http:\/\/lettres.ac-besancon.fr\/wp-content\/uploads\/sites\/53\/2023\/11\/eafc-lancement-16346-768x418.png 768w, http:\/\/lettres.ac-besancon.fr\/wp-content\/uploads\/sites\/53\/2023\/11\/eafc-lancement-16346-750x409.png 750w, http:\/\/lettres.ac-besancon.fr\/wp-content\/uploads\/sites\/53\/2023\/11\/eafc-lancement-16346.png 1340w\" sizes=\"auto, (max-width: 204px) 100vw, 204px\" \/><\/a>Vous trouverez dans cet article un document qui synth\u00e9tise les formations pr\u00e9vues cette ann\u00e9e au PRAF pour les lettres modernes et les lettres classiques.<\/p>\n<p><!--more-->Vous pouvez consulter d&rsquo;autres propositions de formations <a href=\"https:\/\/www.ac-besancon.fr\/programme-academique-de-formation\">sur le site de l&rsquo;EAFC.<\/a> Vous pouvez \u00e9galement installer le widget \u00ab\u00a0PRAF\u00a0\u00bb dans Pratic+.<\/p>\n<p>Pour chaque formation, vous trouverez le lien cliquable pour vous inscrire directement, ou pour vous abonner. Au moment de l&rsquo;inscription, ne tenez pas compte des indications sur les p\u00e9rim\u00e8tres du groupe.<\/p>\n<p><a href=\"http:\/\/lettres.ac-besancon.fr\/wp-content\/uploads\/sites\/53\/2023\/10\/arrow-down.png\"><img loading=\"lazy\" decoding=\"async\" class=\"alignleft wp-image-1133\" src=\"http:\/\/lettres.ac-besancon.fr\/wp-content\/uploads\/sites\/53\/2023\/10\/arrow-down.png\" alt=\"\" width=\"29\" height=\"29\" \/><\/a><a href=\"http:\/\/lettres.ac-besancon.fr\/wp-content\/uploads\/sites\/53\/2023\/11\/PRAF-Offre-des-formations-2.pdf\">T\u00e9l\u00e9charger le document au format PDF.<\/a><\/p>\n<a href=\"http:\/\/lettres.ac-besancon.fr\/wp-content\/uploads\/sites\/53\/2023\/11\/PRAF-Offre-des-formations-2.pdf\" class=\"pdfemb-viewer\" style=\"\" data-width=\"max\" data-height=\"max\" data-toolbar=\"bottom\" data-toolbar-fixed=\"off\">PRAF - Offre des formations (2)<\/a>\n","protected":false},"excerpt":{"rendered":"<p>Vous trouverez dans cet article un document qui synth\u00e9tise les formations pr\u00e9vues cette ann\u00e9e au PRAF pour les lettres modernes et les lettres classiques.<\/p><p><a class=\"more-link btn\" href=\"http:\/\/lettres.ac-besancon.fr\/?p=1189\">Lire la suite<\/a><\/p>\n","protected":false},"author":187,"featured_media":0,"comment_status":"closed","ping_status":"closed","sticky":false,"template":"","format":"standard","meta":{"footnotes":""},"categories":[106,101],"tags":[244,242,243],"class_list":["post-1189","post","type-post","status-publish","format-standard","hentry","category-praf","category-inspection","tag-eafc","tag-formations","tag-praf","item-wrap"],"_links":{"self":[{"href":"http:\/\/lettres.ac-besancon.fr\/index.php?rest_route=\/wp\/v2\/posts\/1189","targetHints":{"allow":["GET"]}}],"collection":[{"href":"http:\/\/lettres.ac-besancon.fr\/index.php?rest_route=\/wp\/v2\/posts"}],"about":[{"href":"http:\/\/lettres.ac-besancon.fr\/index.php?rest_route=\/wp\/v2\/types\/post"}],"author":[{"embeddable":true,"href":"http:\/\/lettres.ac-besancon.fr\/index.php?rest_route=\/wp\/v2\/users\/187"}],"replies":[{"embeddable":true,"href":"http:\/\/lettres.ac-besancon.fr\/index.php?rest_route=%2Fwp%2Fv2%2Fcomments&post=1189"}],"version-history":[{"count":5,"href":"http:\/\/lettres.ac-besancon.fr\/index.php?rest_route=\/wp\/v2\/posts\/1189\/revisions"}],"predecessor-version":[{"id":1196,"href":"http:\/\/lettres.ac-besancon.fr\/index.php?rest_route=\/wp\/v2\/posts\/1189\/revisions\/1196"}],"wp:attachment":[{"href":"http:\/\/lettres.ac-besancon.fr\/index.php?rest_route=%2Fwp%2Fv2%2Fmedia&parent=1189"}],"wp:term":[{"taxonomy":"category","embeddable":true,"href":"http:\/\/lettres.ac-besancon.fr\/index.php?rest_route=%2Fwp%2Fv2%2Fcategories&post=1189"},{"taxonomy":"post_tag","embeddable":true,"href":"http:\/\/lettres.ac-besancon.fr\/index.php?rest_route=%2Fwp%2Fv2%2Ftags&post=1189"}],"curies":[{"name":"wp","href":"https:\/\/api.w.org\/{rel}","templated":true}]}}