{"id":1108,"date":"2023-08-08T12:24:28","date_gmt":"2023-08-08T10:24:28","guid":{"rendered":"http:\/\/lettres.ac-besancon.fr\/?p=1108"},"modified":"2023-09-02T12:00:07","modified_gmt":"2023-09-02T10:00:07","slug":"ressources-bts-deuxieme-annee-invitation-au-voyage","status":"publish","type":"post","link":"http:\/\/lettres.ac-besancon.fr\/?p=1108","title":{"rendered":"Ressources BTS deuxi\u00e8me ann\u00e9e"},"content":{"rendered":"<p><a href=\"http:\/\/lettres.ac-besancon.fr\/wp-content\/uploads\/sites\/53\/2023\/08\/journey-1130732_640.jpg\"><img loading=\"lazy\" decoding=\"async\" class=\"alignleft wp-image-1114\" src=\"http:\/\/lettres.ac-besancon.fr\/wp-content\/uploads\/sites\/53\/2023\/08\/journey-1130732_640-300x225.jpg\" alt=\"\" width=\"191\" height=\"143\" srcset=\"http:\/\/lettres.ac-besancon.fr\/wp-content\/uploads\/sites\/53\/2023\/08\/journey-1130732_640-300x225.jpg 300w, http:\/\/lettres.ac-besancon.fr\/wp-content\/uploads\/sites\/53\/2023\/08\/journey-1130732_640.jpg 640w\" sizes=\"auto, (max-width: 191px) 100vw, 191px\" \/><\/a><\/p>\n<p>En <strong>deuxi\u00e8me<\/strong> <strong>ann\u00e9e de BTS,<\/strong> <strong>deux th\u00e8mes de culture g\u00e9n\u00e9rale<\/strong> d\u00e9finis au BO ( voir textes de r\u00e9f\u00e9rence en BTS) constituent le programme de l&rsquo;enseignement en CGE<span style=\"color: #ff0000\"> jusqu&rsquo;\u00e0 la session 2024.<\/span><\/p>\n<p><strong>\u00c0 partir de la session 2025 du BTS,<\/strong> <strong>le programme, les objectifs de l&rsquo;enseignement de Culture G\u00e9n\u00e9rale et Expression \u00e9voluent, ainsi que l&rsquo;\u00e9preuve finale.<\/strong><\/p>\n<p>Jusqu&rsquo;en 2024 donc, les exercices de l&rsquo;\u00e9preuve finale, <strong>synth\u00e8se de documents et \u00e9criture personnelle<\/strong>, sont trait\u00e9s \u00e0 partir d&rsquo;un corpus de textes et documents en lien avec un des deux th\u00e8mes travaill\u00e9s.<\/p>\n<p><!--more--><\/p>\n<p><a href=\"http:\/\/lettres.ac-besancon.fr\/wp-content\/uploads\/sites\/53\/2019\/09\/tools.png\"><img loading=\"lazy\" decoding=\"async\" class=\"alignleft wp-image-220\" src=\"http:\/\/lettres.ac-besancon.fr\/wp-content\/uploads\/sites\/53\/2019\/09\/tools.png\" alt=\"\" width=\"45\" height=\"45\"><\/a>On trouvera ici <strong>des corpus type BTS t\u00e9l\u00e9chargeables sur le th\u00e8me 2023-2024 \u00a0\u00bb Invitation au voyage\u2026\u00a0\u00bb<\/strong>, corpus pr\u00e9sent\u00e9s lors de la formation annuelle sur le nouveau th\u00e8me BTS, destin\u00e9e aux enseignants en BTS 2 de l&rsquo;acad\u00e9mie de Besan\u00e7on :<\/p>\n<p>&#8211;<a href=\"http:\/\/lettres.ac-besancon.fr\/wp-content\/uploads\/sites\/53\/2023\/08\/Corpus-type-BTS-1.pdf\">Corpus type BTS n\u00b01 ( Voyager\u2026lorsqu&rsquo;on n&rsquo;a plus 20 ans)<\/a><br \/>\n&#8211;<a href=\"http:\/\/lettres.ac-besancon.fr\/wp-content\/uploads\/sites\/53\/2023\/08\/Corpus-type-BTS-2.pdf\">Corpus type BTS n\u00b02 ( Les artistes et le voyage, une source d&rsquo;inspiration in\u00e9puisable)<\/a><br \/>\n&#8211;<a href=\"http:\/\/lettres.ac-besancon.fr\/wp-content\/uploads\/sites\/53\/2023\/08\/Corpus-type-BTS-3.pdf\">Corpus type BTS n\u00b03 ( Le tragique voyage des migrants)<\/a><br \/>\n&#8211;<a href=\"http:\/\/lettres.ac-besancon.fr\/wp-content\/uploads\/sites\/53\/2023\/08\/Corpus-type-BTS-4.pdf\">Corpus type BTS n\u00b04 ( La marche, un ph\u00e9nom\u00e8ne aussi intemporel qu&rsquo;actuel).<\/a><\/p>\n","protected":false},"excerpt":{"rendered":"<p>En deuxi\u00e8me ann\u00e9e de BTS, deux th\u00e8mes de culture g\u00e9n\u00e9rale d\u00e9finis au BO ( voir textes de r\u00e9f\u00e9rence en BTS) constituent le programme de l&rsquo;enseignement en CGE jusqu&rsquo;\u00e0 la session 2024. \u00c0 partir de la session 2025 du BTS, le programme, les objectifs de l&rsquo;enseignement de Culture G\u00e9n\u00e9rale et Expression \u00e9voluent, ainsi que l&rsquo;\u00e9preuve finale. &hellip; <\/p>\n<p><a class=\"more-link btn\" href=\"http:\/\/lettres.ac-besancon.fr\/?p=1108\">Lire la suite<\/a><\/p>\n","protected":false},"author":187,"featured_media":0,"comment_status":"closed","ping_status":"closed","sticky":false,"template":"","format":"standard","meta":{"footnotes":""},"categories":[148,146],"tags":[229,234,235,83,159,166,155],"class_list":["post-1108","post","type-post","status-publish","format-standard","hentry","category-2eme-annee","category-bts","tag-bts","tag-bts2","tag-corpus","tag-formation","tag-groupe-de-travail","tag-programmes","tag-ressources","item-wrap"],"_links":{"self":[{"href":"http:\/\/lettres.ac-besancon.fr\/index.php?rest_route=\/wp\/v2\/posts\/1108","targetHints":{"allow":["GET"]}}],"collection":[{"href":"http:\/\/lettres.ac-besancon.fr\/index.php?rest_route=\/wp\/v2\/posts"}],"about":[{"href":"http:\/\/lettres.ac-besancon.fr\/index.php?rest_route=\/wp\/v2\/types\/post"}],"author":[{"embeddable":true,"href":"http:\/\/lettres.ac-besancon.fr\/index.php?rest_route=\/wp\/v2\/users\/187"}],"replies":[{"embeddable":true,"href":"http:\/\/lettres.ac-besancon.fr\/index.php?rest_route=%2Fwp%2Fv2%2Fcomments&post=1108"}],"version-history":[{"count":6,"href":"http:\/\/lettres.ac-besancon.fr\/index.php?rest_route=\/wp\/v2\/posts\/1108\/revisions"}],"predecessor-version":[{"id":1124,"href":"http:\/\/lettres.ac-besancon.fr\/index.php?rest_route=\/wp\/v2\/posts\/1108\/revisions\/1124"}],"wp:attachment":[{"href":"http:\/\/lettres.ac-besancon.fr\/index.php?rest_route=%2Fwp%2Fv2%2Fmedia&parent=1108"}],"wp:term":[{"taxonomy":"category","embeddable":true,"href":"http:\/\/lettres.ac-besancon.fr\/index.php?rest_route=%2Fwp%2Fv2%2Fcategories&post=1108"},{"taxonomy":"post_tag","embeddable":true,"href":"http:\/\/lettres.ac-besancon.fr\/index.php?rest_route=%2Fwp%2Fv2%2Ftags&post=1108"}],"curies":[{"name":"wp","href":"https:\/\/api.w.org\/{rel}","templated":true}]}}