{"id":1040,"date":"2023-06-22T19:34:46","date_gmt":"2023-06-22T17:34:46","guid":{"rendered":"http:\/\/lettres.ac-besancon.fr\/?p=1040"},"modified":"2023-09-02T11:53:54","modified_gmt":"2023-09-02T09:53:54","slug":"textes-de-reference-en-bts","status":"publish","type":"post","link":"http:\/\/lettres.ac-besancon.fr\/?p=1040","title":{"rendered":"Textes de r\u00e9f\u00e9rence en BTS"},"content":{"rendered":"<p><a href=\"http:\/\/lettres.ac-besancon.fr\/wp-content\/uploads\/sites\/53\/2023\/06\/web-gdc53a5457_640.jpg\"><img loading=\"lazy\" decoding=\"async\" class=\"alignleft wp-image-1045\" src=\"http:\/\/lettres.ac-besancon.fr\/wp-content\/uploads\/sites\/53\/2023\/06\/web-gdc53a5457_640-300x174.jpg\" alt=\"\" width=\"107\" height=\"62\" srcset=\"http:\/\/lettres.ac-besancon.fr\/wp-content\/uploads\/sites\/53\/2023\/06\/web-gdc53a5457_640-300x174.jpg 300w, http:\/\/lettres.ac-besancon.fr\/wp-content\/uploads\/sites\/53\/2023\/06\/web-gdc53a5457_640.jpg 640w\" sizes=\"auto, (max-width: 107px) 100vw, 107px\" \/><\/a>Vous trouverez dans cet article les textes de r\u00e9f\u00e9rence en BTS, ainsi que des ressources t\u00e9l\u00e9chargeables.<\/p>\n<p>&nbsp;<\/p>\n<p><!--more--><\/p>\n<p><span style=\"text-decoration: underline\"><span style=\"color: #ff6600\"><strong><a href=\"http:\/\/lettres.ac-besancon.fr\/wp-content\/uploads\/sites\/53\/2022\/10\/browser.png\"><img loading=\"lazy\" decoding=\"async\" class=\"alignleft wp-image-619\" src=\"http:\/\/lettres.ac-besancon.fr\/wp-content\/uploads\/sites\/53\/2022\/10\/browser.png\" alt=\"\" width=\"27\" height=\"27\"><\/a>Textes de r\u00e9f\u00e9rence en BTS :<\/strong><\/span><\/span><\/p>\n<ul>\n<li><span style=\"color: #ff0000\"><strong>\u00c0 compter de la rentr\u00e9e scolaire 2023 pour les \u00e9tudiants de BTS en 1\u00e8re ann\u00e9e, le programme, les objectifs et l&rsquo;\u00e9preuve finale du BTS en CGE \u00e9voluent et sont pr\u00e9cis\u00e9s dans<a style=\"color: #ff0000\" href=\"https:\/\/www.legifrance.gouv.fr\/jorf\/id\/JORFTEXT000047915248\"> l&rsquo;extrait du Journal Officiel disponible sur ce lien<\/a>&nbsp;; ces modifications concerneront les \u00e9tudiants de BTS en 2\u00e8me ann\u00e9e &nbsp;\u00e0 partir de la rentr\u00e9e scolaire 2024 et donc pour l&rsquo;\u00e9preuve finale de la session 2025 du BTS. <\/strong><\/span><\/li>\n<li>Pour l&rsquo;ann\u00e9e scolaire 2023-2024, le <strong>contenu<\/strong> , les <strong>objectifs<\/strong> de la mati\u00e8re \u00ab\u00a0Culture g\u00e9n\u00e9rale et expression\u00a0\u00bb au BTS ainsi que <strong>la d\u00e9finition de l&rsquo;\u00e9preuve<\/strong>&nbsp; sont pr\u00e9cis\u00e9s <a href=\"https:\/\/www.education.gouv.fr\/bo\/2005\/7\/MENS0402812A.htm\">dans ce BO<\/a> et restent valables pour les \u00e9tudiants de BTS 2\u00e8me ann\u00e9e:<\/li>\n<li>Pour reprendre les termes du texte officiel, \u00ab\u00a0<strong>en deuxi\u00e8me ann\u00e9e, deux th\u00e8mes sont \u00e9tudi\u00e9s<\/strong>. Ces th\u00e8mes, dont l\u2019un est renouvel\u00e9 chaque ann\u00e9e, font l\u2019objet d\u2019une publication au B.O. Cette publication pr\u00e9cise un intitul\u00e9, une probl\u00e9matique et des indications bibliographiques qui orientent et d\u00e9limitent la probl\u00e9matique de chaque th\u00e8me\u00a0\u00bb. <a href=\"https:\/\/www.enseignementsup-recherche.gouv.fr\/fr\/bo\/23\/Hebdo11\/ESRS2303798N.htm\">On trouvera ici le BO de r\u00e9f\u00e9rence pour <strong>la session 2024<\/strong> du BTS<\/a>, avec les th\u00e8mes de culture g\u00e9n\u00e9rale au programme en 2\u00e8me ann\u00e9e de BTS :<\/li>\n<li>D\u00e9sormais , des <strong>\u00e9preuves de rattrapage (p\u00e9rennis\u00e9es \u00e0 compter de la session 2022) <\/strong>sont organis\u00e9es en BTS pour chaque session et la Culture G\u00e9n\u00e9rale fait partie des mati\u00e8res qu&rsquo;un candidat peut choisir ; la <strong>d\u00e9finition de l&rsquo;\u00e9preuve de rattrapage en Culture g\u00e9n\u00e9rale et expression <\/strong>est d\u00e9finie<a href=\"https:\/\/www.legifrance.gouv.fr\/jorf\/id\/JORFTEXT000045862641\"> par ce texte<\/a>.<\/li>\n<\/ul>\n<p><strong><span style=\"text-decoration: underline;color: #ff6600\"><a href=\"http:\/\/lettres.ac-besancon.fr\/wp-content\/uploads\/sites\/53\/2019\/11\/arrow-down.png\"><img loading=\"lazy\" decoding=\"async\" class=\"alignleft wp-image-246\" src=\"http:\/\/lettres.ac-besancon.fr\/wp-content\/uploads\/sites\/53\/2019\/11\/arrow-down.png\" alt=\"\" width=\"25\" height=\"25\"><\/a>Ressources t\u00e9l\u00e9chargeables:<\/span><\/strong><\/p>\n<p>On peut signaler \u00e0 l&rsquo;attention des professeurs de Lettres enseignant en classe de BTS :<\/p>\n<ul>\n<li><a href=\"http:\/\/lettres.ac-besancon.fr\/wp-content\/uploads\/sites\/53\/2023\/06\/Pratiques-decriture-en-BTS-extraits.pdf\">Un ouvrage publi\u00e9 en 2012,&nbsp; <strong><em>Pratiques d&rsquo;\u00e9criture en BTS<\/em><\/strong> , \u00e9dit\u00e9 par Canop\u00e9<\/a>.<\/li>\n<li><a href=\"http:\/\/lettres.ac-besancon.fr\/wp-content\/uploads\/sites\/53\/2023\/06\/Maitrise-de-la-langue-en-BTS-doc.-de-synthese-M.Destaing.pdf\">Un <strong>document synth\u00e9tique sur la pratique de la langue en classe de BTS<\/strong>,&nbsp; r\u00e9dig\u00e9 en 2011 par M. Destaing, IA-IPR de Lettres.<\/a><\/li>\n<\/ul>\n","protected":false},"excerpt":{"rendered":"<p>Vous trouverez dans cet article les textes de r\u00e9f\u00e9rence en BTS, ainsi que des ressources t\u00e9l\u00e9chargeables. &nbsp;<\/p><p><a class=\"more-link btn\" href=\"http:\/\/lettres.ac-besancon.fr\/?p=1040\">Lire la suite<\/a><\/p>\n","protected":false},"author":187,"featured_media":1045,"comment_status":"closed","ping_status":"closed","sticky":false,"template":"","format":"standard","meta":{"footnotes":""},"categories":[146,228],"tags":[229,176],"class_list":["post-1040","post","type-post","status-publish","format-standard","has-post-thumbnail","hentry","category-bts","category-textes-de-reference-en-bts","tag-bts","tag-textes-officiels","item-wrap"],"_links":{"self":[{"href":"http:\/\/lettres.ac-besancon.fr\/index.php?rest_route=\/wp\/v2\/posts\/1040","targetHints":{"allow":["GET"]}}],"collection":[{"href":"http:\/\/lettres.ac-besancon.fr\/index.php?rest_route=\/wp\/v2\/posts"}],"about":[{"href":"http:\/\/lettres.ac-besancon.fr\/index.php?rest_route=\/wp\/v2\/types\/post"}],"author":[{"embeddable":true,"href":"http:\/\/lettres.ac-besancon.fr\/index.php?rest_route=\/wp\/v2\/users\/187"}],"replies":[{"embeddable":true,"href":"http:\/\/lettres.ac-besancon.fr\/index.php?rest_route=%2Fwp%2Fv2%2Fcomments&post=1040"}],"version-history":[{"count":9,"href":"http:\/\/lettres.ac-besancon.fr\/index.php?rest_route=\/wp\/v2\/posts\/1040\/revisions"}],"predecessor-version":[{"id":1122,"href":"http:\/\/lettres.ac-besancon.fr\/index.php?rest_route=\/wp\/v2\/posts\/1040\/revisions\/1122"}],"wp:featuredmedia":[{"embeddable":true,"href":"http:\/\/lettres.ac-besancon.fr\/index.php?rest_route=\/wp\/v2\/media\/1045"}],"wp:attachment":[{"href":"http:\/\/lettres.ac-besancon.fr\/index.php?rest_route=%2Fwp%2Fv2%2Fmedia&parent=1040"}],"wp:term":[{"taxonomy":"category","embeddable":true,"href":"http:\/\/lettres.ac-besancon.fr\/index.php?rest_route=%2Fwp%2Fv2%2Fcategories&post=1040"},{"taxonomy":"post_tag","embeddable":true,"href":"http:\/\/lettres.ac-besancon.fr\/index.php?rest_route=%2Fwp%2Fv2%2Ftags&post=1040"}],"curies":[{"name":"wp","href":"https:\/\/api.w.org\/{rel}","templated":true}]}}